{"id":17472,"date":"2020-12-07T16:10:00","date_gmt":"2020-12-07T15:10:00","guid":{"rendered":"https:\/\/dev.beneggiassociati.com\/2020\/12\/07\/doppio-effetto-brexit-su-iva-e-fatturazione\/"},"modified":"2020-12-07T16:10:00","modified_gmt":"2020-12-07T15:10:00","slug":"doppio-effetto-brexit-su-iva-e-fatturazione","status":"publish","type":"post","link":"https:\/\/beneggiassociati.com\/en\/doppio-effetto-brexit-su-iva-e-fatturazione\/","title":{"rendered":"Doppio effetto Brexit su Iva e fatturazione"},"content":{"rendered":"<p>&nbsp;<\/p>\n<p>Dal 1\u00b0 gennaio 2021 il Regno Unito sar\u00e0 uno Stato extraUe a tutti gli effetti. Non pi\u00f9 cessioni e acquisti intracomunitari, niente pi\u00f9 vendite a distanza, rimborsi disciplinati secondo reciprocit\u00e0 (direttiva 86\/560) e cos\u00ec via. In vista della scadenza, vediamo le pi\u00f9 attuali conseguenze di Brexit.<\/p>\n<p><strong>\u00a0<\/strong><\/p>\n<p><strong>Vendite in corso al 31.12<\/strong>: La prima situazione concerne le vendite in corso al prossimo 31 dicembre. Se la spedizione\/trasporto dei beni ha avuto inizio prima della fine del periodo transitorio da un paese Ue al Regno Unito (e viceversa), ma si conclude successivamente (2021), l\u2019operazione resta una cessione o un acquisto intracomunitario a seconda della prospettiva. La merce va tuttavia presentata in dogana, la quale pu\u00f2 chiedere la prova della data d\u2019inizio del trasporto (faranno fede i relativi documenti).<\/p>\n<p>&nbsp;<\/p>\n<p>Questione diversa \u00e8 quella che riguarda, per esempio, la vendita di beni con inizio del trasporto nel 2021, ma per cui sono emesse fatture anticipate nel 2020. A rigore, \u00e8 da ritenere che se al momento di emissione della fattura \u00e8 gi\u00e0 noto che l\u2019invio del bene avverr\u00e0 nel 2021, il titolo di non imponibilit\u00e0 sia quello della futura esportazione (articolo 8, Dpr 633\/72 e non articolo 41, Dl 331\/93), nel presupposto che la fattura anticipata condivide la natura dell\u2019operazione \u201cche verr\u00e0\u201d. All\u2019atto dell\u2019esportazione, oltre alla documentazione richiesta dalla disciplina doganale, andranno presentate le fatture gi\u00e0 emesse e quella di saldo. A regime, diversamente dalle cessioni intracomunitarie, incassare un acconto per un\u2019esportazione obbliga all\u2019emissione della fattura per il relativo importo.<\/p>\n<p>&nbsp;<\/p>\n<p>Una cessione con resa Ddp (<em>delivered duty paid<\/em>, con tutti gli oneri a carico del venditore) diventer\u00e0 particolarmente impegnativa nello scenario post-Brexit, implicando non solo il pagamento alla dogana inglese di Iva ed eventuali dazi, ma anche lo svolgimento di tutte le formalit\u00e0 connesse all\u2019importazione a destino.<\/p>\n<p>&nbsp;<\/p>\n<p>Una vendita con consegna in Italia all\u2019acquirente estero per successiva esportazione in Uk, implicher\u00e0 il rispetto del termine di 90 giorni previsto dall\u2019articolo 8, comma 1, lettera b), Dpr 633\/72. Sar\u00e0 inoltre possibile avvalersi della non imponibilit\u00e0 Iva di cui alla lettera a) dello stesso comma, anche per le vendite con intervento del commissionario, fattispecie non prevista dall\u2019articolo 41, Dl 331\/93. Quanto alla prova dell\u2019avvenuto trasferimento della merce nel Regno Unito, le regole diventano quelle valevoli per tutte le esportazioni.<\/p>\n<p><strong>\u00a0<\/strong><\/p>\n<p><strong>Operazioni triangolari<\/strong>: Se il promotore inglese acquista beni in Italia con consegna diretta, a cura del fornitore nazionale, al cliente del promotore in altro paese Ue, si ricade nelle triangolari con intervento di soggetto extraUe e il cedente residente deve applicare l\u2019Iva italiana. Una triangolare \u201ccomunitaria\u201d \u00e8 possibile solo se il promotore (extraUe) nomina un rappresentante fiscale in uno Stato membro, non essendo pi\u00f9 possibile ricorrere all\u2019identificazione diretta, ammessa solo per gli operatori Ue. A ruoli invertiti, la merce proveniente dal Regno Unito former\u00e0 oggetto d\u2019importazione e non si applicher\u00e0 pi\u00f9 il reverse charge. Di l\u00e0 delle formalit\u00e0 doganali, ci\u00f2 implica il versamento in dogana dell\u2019Iva all\u2019importazione o, in alternativa, il consumo di plafond se il soggetto \u00e8 esportatore abituale. Ne deriver\u00e0 un sicuro impulso alle operazioni d\u2019immissione in libera pratica con introduzione dei beni in deposito Iva.<\/p>\n<p><strong>\u00a0<\/strong><\/p>\n<p><strong>Lavorazioni dei beni<\/strong>: Anche la movimentazione di beni a scopo di lavorazione sar\u00e0 pi\u00f9 complessa. Si pensi al caso dell\u2019operatore nazionale che invia beni in un laboratorio inglese per l\u2019esecuzione di un trattamento. Il servizio del prestatore Uk, verosimilmente ultimato all\u2019atto della reimportazione, sar\u00e0 gi\u00e0 stato autofatturato da parte del committente residente. In tal caso, al momento dell\u2019arrivo dei beni in Italia occorrer\u00e0 far constare alla dogana che l\u2019imponibile della lavorazione \u00e8 gi\u00e0 stato assoggettato a imposta e che, pertanto, oltre a dedurre dal valore dei beni reimportati (soggetto all\u2019Iva all\u2019importazione) quanto dichiarato all\u2019atto della temporanea esportazione (regime di perfezionamento passivo), va anche sottratta dall\u2019Iva calcolata in dogana quella assolta con autofattura.<\/p>\n<p>&nbsp;<\/p>\n<p>&nbsp;<\/p>\n","protected":false},"excerpt":{"rendered":"<p>&nbsp; Dal 1\u00b0 gennaio 2021 il Regno Unito sar\u00e0 uno Stato extraUe a tutti gli effetti. Non pi\u00f9 cessioni e acquisti intracomunitari, niente pi\u00f9 vendite a distanza, rimborsi disciplinati secondo reciprocit\u00e0 (direttiva 86\/560) e cos\u00ec via. In vista della scadenza, vediamo le pi\u00f9 attuali conseguenze di Brexit. \u00a0 Vendite in corso al 31.12: La prima [&hellip;]<\/p>\n","protected":false},"author":4,"featured_media":409,"comment_status":"open","ping_status":"open","sticky":false,"template":"","format":"standard","meta":{"_acf_changed":false,"content-type":"","footnotes":""},"categories":[16],"tags":[],"class_list":["post-17472","post","type-post","status-publish","format-standard","has-post-thumbnail","hentry","category-archivio"],"acf":[],"yoast_head":"<!-- This site is optimized with the Yoast SEO plugin v27.5 - https:\/\/yoast.com\/product\/yoast-seo-wordpress\/ -->\n<title>Doppio effetto Brexit su Iva e fatturazione - Beneggi &amp; Associati<\/title>\n<meta name=\"description\" content=\"&nbsp; Dal 1\u00b0 gennaio 2021 il Regno Unito sar\u00e0 uno Stato extraUe a tutti gli effetti. Non pi\u00f9 cessioni e acquisti intracomunitari, niente pi\u00f9 vendite a\" \/>\n<meta name=\"robots\" content=\"index, follow, max-snippet:-1, max-image-preview:large, max-video-preview:-1\" \/>\n<link rel=\"canonical\" href=\"https:\/\/beneggiassociati.com\/en\/doppio-effetto-brexit-su-iva-e-fatturazione\/\" \/>\n<meta property=\"og:locale\" content=\"en_US\" \/>\n<meta property=\"og:type\" content=\"article\" \/>\n<meta property=\"og:title\" content=\"Doppio effetto Brexit su Iva e fatturazione - Beneggi &amp; Associati\" \/>\n<meta property=\"og:description\" content=\"&nbsp; Dal 1\u00b0 gennaio 2021 il Regno Unito sar\u00e0 uno Stato extraUe a tutti gli effetti. Non pi\u00f9 cessioni e acquisti intracomunitari, niente pi\u00f9 vendite a\" \/>\n<meta property=\"og:url\" content=\"https:\/\/beneggiassociati.com\/en\/doppio-effetto-brexit-su-iva-e-fatturazione\/\" \/>\n<meta property=\"og:site_name\" content=\"Beneggi &amp; Associati\" \/>\n<meta property=\"article:published_time\" content=\"2020-12-07T15:10:00+00:00\" \/>\n<meta property=\"og:image\" content=\"https:\/\/beneggiassociati.com\/wp-content\/uploads\/2025\/07\/single-post-beneggi.jpg\" \/>\n\t<meta property=\"og:image:width\" content=\"1280\" \/>\n\t<meta property=\"og:image:height\" content=\"823\" \/>\n\t<meta property=\"og:image:type\" content=\"image\/jpeg\" \/>\n<meta name=\"author\" content=\"Tiziano Beneggi\" \/>\n<meta name=\"twitter:card\" content=\"summary_large_image\" \/>\n<meta name=\"twitter:label1\" content=\"Written by\" \/>\n\t<meta name=\"twitter:data1\" content=\"Tiziano Beneggi\" \/>\n\t<meta name=\"twitter:label2\" content=\"Est. reading time\" \/>\n\t<meta name=\"twitter:data2\" content=\"3 minutes\" \/>\n<script type=\"application\/ld+json\" class=\"yoast-schema-graph\">{\"@context\":\"https:\\\/\\\/schema.org\",\"@graph\":[{\"@type\":\"Article\",\"@id\":\"https:\\\/\\\/beneggiassociati.com\\\/en\\\/doppio-effetto-brexit-su-iva-e-fatturazione\\\/#article\",\"isPartOf\":{\"@id\":\"https:\\\/\\\/beneggiassociati.com\\\/en\\\/doppio-effetto-brexit-su-iva-e-fatturazione\\\/\"},\"author\":{\"name\":\"Tiziano Beneggi\",\"@id\":\"https:\\\/\\\/beneggiassociati.com\\\/en\\\/#\\\/schema\\\/person\\\/828daacfa37b359e89e981f920072004\"},\"headline\":\"Doppio effetto Brexit su Iva e fatturazione\",\"datePublished\":\"2020-12-07T15:10:00+00:00\",\"mainEntityOfPage\":{\"@id\":\"https:\\\/\\\/beneggiassociati.com\\\/en\\\/doppio-effetto-brexit-su-iva-e-fatturazione\\\/\"},\"wordCount\":640,\"commentCount\":0,\"publisher\":{\"@id\":\"https:\\\/\\\/beneggiassociati.com\\\/en\\\/#organization\"},\"image\":{\"@id\":\"https:\\\/\\\/beneggiassociati.com\\\/en\\\/doppio-effetto-brexit-su-iva-e-fatturazione\\\/#primaryimage\"},\"thumbnailUrl\":\"https:\\\/\\\/beneggiassociati.com\\\/wp-content\\\/uploads\\\/2025\\\/07\\\/single-post-beneggi.jpg\",\"articleSection\":[\"ARCHIVIO\"],\"inLanguage\":\"en-US\"},{\"@type\":\"WebPage\",\"@id\":\"https:\\\/\\\/beneggiassociati.com\\\/en\\\/doppio-effetto-brexit-su-iva-e-fatturazione\\\/\",\"url\":\"https:\\\/\\\/beneggiassociati.com\\\/en\\\/doppio-effetto-brexit-su-iva-e-fatturazione\\\/\",\"name\":\"Doppio effetto Brexit su Iva e fatturazione - Beneggi &amp; Associati\",\"isPartOf\":{\"@id\":\"https:\\\/\\\/beneggiassociati.com\\\/en\\\/#website\"},\"primaryImageOfPage\":{\"@id\":\"https:\\\/\\\/beneggiassociati.com\\\/en\\\/doppio-effetto-brexit-su-iva-e-fatturazione\\\/#primaryimage\"},\"image\":{\"@id\":\"https:\\\/\\\/beneggiassociati.com\\\/en\\\/doppio-effetto-brexit-su-iva-e-fatturazione\\\/#primaryimage\"},\"thumbnailUrl\":\"https:\\\/\\\/beneggiassociati.com\\\/wp-content\\\/uploads\\\/2025\\\/07\\\/single-post-beneggi.jpg\",\"datePublished\":\"2020-12-07T15:10:00+00:00\",\"description\":\"&nbsp; Dal 1\u00b0 gennaio 2021 il Regno Unito sar\u00e0 uno Stato extraUe a tutti gli effetti. Non pi\u00f9 cessioni e acquisti intracomunitari, niente pi\u00f9 vendite a\",\"breadcrumb\":{\"@id\":\"https:\\\/\\\/beneggiassociati.com\\\/en\\\/doppio-effetto-brexit-su-iva-e-fatturazione\\\/#breadcrumb\"},\"inLanguage\":\"en-US\",\"potentialAction\":[{\"@type\":\"ReadAction\",\"target\":[\"https:\\\/\\\/beneggiassociati.com\\\/en\\\/doppio-effetto-brexit-su-iva-e-fatturazione\\\/\"]}]},{\"@type\":\"ImageObject\",\"inLanguage\":\"en-US\",\"@id\":\"https:\\\/\\\/beneggiassociati.com\\\/en\\\/doppio-effetto-brexit-su-iva-e-fatturazione\\\/#primaryimage\",\"url\":\"https:\\\/\\\/beneggiassociati.com\\\/wp-content\\\/uploads\\\/2025\\\/07\\\/single-post-beneggi.jpg\",\"contentUrl\":\"https:\\\/\\\/beneggiassociati.com\\\/wp-content\\\/uploads\\\/2025\\\/07\\\/single-post-beneggi.jpg\",\"width\":1280,\"height\":823},{\"@type\":\"BreadcrumbList\",\"@id\":\"https:\\\/\\\/beneggiassociati.com\\\/en\\\/doppio-effetto-brexit-su-iva-e-fatturazione\\\/#breadcrumb\",\"itemListElement\":[{\"@type\":\"ListItem\",\"position\":1,\"name\":\"Home\",\"item\":\"https:\\\/\\\/beneggiassociati.com\\\/en\\\/?page_id=24163\"},{\"@type\":\"ListItem\",\"position\":2,\"name\":\"Doppio effetto Brexit su Iva e fatturazione\"}]},{\"@type\":\"WebSite\",\"@id\":\"https:\\\/\\\/beneggiassociati.com\\\/en\\\/#website\",\"url\":\"https:\\\/\\\/beneggiassociati.com\\\/en\\\/\",\"name\":\"Beneggi e associati\",\"description\":\"\",\"publisher\":{\"@id\":\"https:\\\/\\\/beneggiassociati.com\\\/en\\\/#organization\"},\"potentialAction\":[{\"@type\":\"SearchAction\",\"target\":{\"@type\":\"EntryPoint\",\"urlTemplate\":\"https:\\\/\\\/beneggiassociati.com\\\/en\\\/?s={search_term_string}\"},\"query-input\":{\"@type\":\"PropertyValueSpecification\",\"valueRequired\":true,\"valueName\":\"search_term_string\"}}],\"inLanguage\":\"en-US\"},{\"@type\":\"Organization\",\"@id\":\"https:\\\/\\\/beneggiassociati.com\\\/en\\\/#organization\",\"name\":\"Beneggi e associati\",\"url\":\"https:\\\/\\\/beneggiassociati.com\\\/en\\\/\",\"logo\":{\"@type\":\"ImageObject\",\"inLanguage\":\"en-US\",\"@id\":\"https:\\\/\\\/beneggiassociati.com\\\/en\\\/#\\\/schema\\\/logo\\\/image\\\/\",\"url\":\"https:\\\/\\\/beneggiassociati.com\\\/wp-content\\\/uploads\\\/2025\\\/07\\\/beneggi-logo.png\",\"contentUrl\":\"https:\\\/\\\/beneggiassociati.com\\\/wp-content\\\/uploads\\\/2025\\\/07\\\/beneggi-logo.png\",\"width\":141,\"height\":87,\"caption\":\"Beneggi e associati\"},\"image\":{\"@id\":\"https:\\\/\\\/beneggiassociati.com\\\/en\\\/#\\\/schema\\\/logo\\\/image\\\/\"}},{\"@type\":\"Person\",\"@id\":\"https:\\\/\\\/beneggiassociati.com\\\/en\\\/#\\\/schema\\\/person\\\/828daacfa37b359e89e981f920072004\",\"name\":\"Tiziano Beneggi\",\"url\":\"https:\\\/\\\/beneggiassociati.com\\\/en\\\/author\\\/tizianobeneggiassociati-com\\\/\"}]}<\/script>\n<!-- \/ Yoast SEO plugin. -->","yoast_head_json":{"title":"Doppio effetto Brexit su Iva e fatturazione - Beneggi &amp; Associati","description":"&nbsp; Dal 1\u00b0 gennaio 2021 il Regno Unito sar\u00e0 uno Stato extraUe a tutti gli effetti. Non pi\u00f9 cessioni e acquisti intracomunitari, niente pi\u00f9 vendite a","robots":{"index":"index","follow":"follow","max-snippet":"max-snippet:-1","max-image-preview":"max-image-preview:large","max-video-preview":"max-video-preview:-1"},"canonical":"https:\/\/beneggiassociati.com\/en\/doppio-effetto-brexit-su-iva-e-fatturazione\/","og_locale":"en_US","og_type":"article","og_title":"Doppio effetto Brexit su Iva e fatturazione - Beneggi &amp; Associati","og_description":"&nbsp; Dal 1\u00b0 gennaio 2021 il Regno Unito sar\u00e0 uno Stato extraUe a tutti gli effetti. Non pi\u00f9 cessioni e acquisti intracomunitari, niente pi\u00f9 vendite a","og_url":"https:\/\/beneggiassociati.com\/en\/doppio-effetto-brexit-su-iva-e-fatturazione\/","og_site_name":"Beneggi &amp; Associati","article_published_time":"2020-12-07T15:10:00+00:00","og_image":[{"width":1280,"height":823,"url":"https:\/\/beneggiassociati.com\/wp-content\/uploads\/2025\/07\/single-post-beneggi.jpg","type":"image\/jpeg"}],"author":"Tiziano Beneggi","twitter_card":"summary_large_image","twitter_misc":{"Written by":"Tiziano Beneggi","Est. reading time":"3 minutes"},"schema":{"@context":"https:\/\/schema.org","@graph":[{"@type":"Article","@id":"https:\/\/beneggiassociati.com\/en\/doppio-effetto-brexit-su-iva-e-fatturazione\/#article","isPartOf":{"@id":"https:\/\/beneggiassociati.com\/en\/doppio-effetto-brexit-su-iva-e-fatturazione\/"},"author":{"name":"Tiziano Beneggi","@id":"https:\/\/beneggiassociati.com\/en\/#\/schema\/person\/828daacfa37b359e89e981f920072004"},"headline":"Doppio effetto Brexit su Iva e fatturazione","datePublished":"2020-12-07T15:10:00+00:00","mainEntityOfPage":{"@id":"https:\/\/beneggiassociati.com\/en\/doppio-effetto-brexit-su-iva-e-fatturazione\/"},"wordCount":640,"commentCount":0,"publisher":{"@id":"https:\/\/beneggiassociati.com\/en\/#organization"},"image":{"@id":"https:\/\/beneggiassociati.com\/en\/doppio-effetto-brexit-su-iva-e-fatturazione\/#primaryimage"},"thumbnailUrl":"https:\/\/beneggiassociati.com\/wp-content\/uploads\/2025\/07\/single-post-beneggi.jpg","articleSection":["ARCHIVIO"],"inLanguage":"en-US"},{"@type":"WebPage","@id":"https:\/\/beneggiassociati.com\/en\/doppio-effetto-brexit-su-iva-e-fatturazione\/","url":"https:\/\/beneggiassociati.com\/en\/doppio-effetto-brexit-su-iva-e-fatturazione\/","name":"Doppio effetto Brexit su Iva e fatturazione - Beneggi &amp; Associati","isPartOf":{"@id":"https:\/\/beneggiassociati.com\/en\/#website"},"primaryImageOfPage":{"@id":"https:\/\/beneggiassociati.com\/en\/doppio-effetto-brexit-su-iva-e-fatturazione\/#primaryimage"},"image":{"@id":"https:\/\/beneggiassociati.com\/en\/doppio-effetto-brexit-su-iva-e-fatturazione\/#primaryimage"},"thumbnailUrl":"https:\/\/beneggiassociati.com\/wp-content\/uploads\/2025\/07\/single-post-beneggi.jpg","datePublished":"2020-12-07T15:10:00+00:00","description":"&nbsp; Dal 1\u00b0 gennaio 2021 il Regno Unito sar\u00e0 uno Stato extraUe a tutti gli effetti. Non pi\u00f9 cessioni e acquisti intracomunitari, niente pi\u00f9 vendite a","breadcrumb":{"@id":"https:\/\/beneggiassociati.com\/en\/doppio-effetto-brexit-su-iva-e-fatturazione\/#breadcrumb"},"inLanguage":"en-US","potentialAction":[{"@type":"ReadAction","target":["https:\/\/beneggiassociati.com\/en\/doppio-effetto-brexit-su-iva-e-fatturazione\/"]}]},{"@type":"ImageObject","inLanguage":"en-US","@id":"https:\/\/beneggiassociati.com\/en\/doppio-effetto-brexit-su-iva-e-fatturazione\/#primaryimage","url":"https:\/\/beneggiassociati.com\/wp-content\/uploads\/2025\/07\/single-post-beneggi.jpg","contentUrl":"https:\/\/beneggiassociati.com\/wp-content\/uploads\/2025\/07\/single-post-beneggi.jpg","width":1280,"height":823},{"@type":"BreadcrumbList","@id":"https:\/\/beneggiassociati.com\/en\/doppio-effetto-brexit-su-iva-e-fatturazione\/#breadcrumb","itemListElement":[{"@type":"ListItem","position":1,"name":"Home","item":"https:\/\/beneggiassociati.com\/en\/?page_id=24163"},{"@type":"ListItem","position":2,"name":"Doppio effetto Brexit su Iva e fatturazione"}]},{"@type":"WebSite","@id":"https:\/\/beneggiassociati.com\/en\/#website","url":"https:\/\/beneggiassociati.com\/en\/","name":"Beneggi e associati","description":"","publisher":{"@id":"https:\/\/beneggiassociati.com\/en\/#organization"},"potentialAction":[{"@type":"SearchAction","target":{"@type":"EntryPoint","urlTemplate":"https:\/\/beneggiassociati.com\/en\/?s={search_term_string}"},"query-input":{"@type":"PropertyValueSpecification","valueRequired":true,"valueName":"search_term_string"}}],"inLanguage":"en-US"},{"@type":"Organization","@id":"https:\/\/beneggiassociati.com\/en\/#organization","name":"Beneggi e associati","url":"https:\/\/beneggiassociati.com\/en\/","logo":{"@type":"ImageObject","inLanguage":"en-US","@id":"https:\/\/beneggiassociati.com\/en\/#\/schema\/logo\/image\/","url":"https:\/\/beneggiassociati.com\/wp-content\/uploads\/2025\/07\/beneggi-logo.png","contentUrl":"https:\/\/beneggiassociati.com\/wp-content\/uploads\/2025\/07\/beneggi-logo.png","width":141,"height":87,"caption":"Beneggi e associati"},"image":{"@id":"https:\/\/beneggiassociati.com\/en\/#\/schema\/logo\/image\/"}},{"@type":"Person","@id":"https:\/\/beneggiassociati.com\/en\/#\/schema\/person\/828daacfa37b359e89e981f920072004","name":"Tiziano Beneggi","url":"https:\/\/beneggiassociati.com\/en\/author\/tizianobeneggiassociati-com\/"}]}},"_links":{"self":[{"href":"https:\/\/beneggiassociati.com\/en\/wp-json\/wp\/v2\/posts\/17472","targetHints":{"allow":["GET"]}}],"collection":[{"href":"https:\/\/beneggiassociati.com\/en\/wp-json\/wp\/v2\/posts"}],"about":[{"href":"https:\/\/beneggiassociati.com\/en\/wp-json\/wp\/v2\/types\/post"}],"author":[{"embeddable":true,"href":"https:\/\/beneggiassociati.com\/en\/wp-json\/wp\/v2\/users\/4"}],"replies":[{"embeddable":true,"href":"https:\/\/beneggiassociati.com\/en\/wp-json\/wp\/v2\/comments?post=17472"}],"version-history":[{"count":0,"href":"https:\/\/beneggiassociati.com\/en\/wp-json\/wp\/v2\/posts\/17472\/revisions"}],"wp:featuredmedia":[{"embeddable":true,"href":"https:\/\/beneggiassociati.com\/en\/wp-json\/wp\/v2\/media\/409"}],"wp:attachment":[{"href":"https:\/\/beneggiassociati.com\/en\/wp-json\/wp\/v2\/media?parent=17472"}],"wp:term":[{"taxonomy":"category","embeddable":true,"href":"https:\/\/beneggiassociati.com\/en\/wp-json\/wp\/v2\/categories?post=17472"},{"taxonomy":"post_tag","embeddable":true,"href":"https:\/\/beneggiassociati.com\/en\/wp-json\/wp\/v2\/tags?post=17472"}],"curies":[{"name":"wp","href":"https:\/\/api.w.org\/{rel}","templated":true}]}}