{"id":17652,"date":"2021-03-28T14:27:00","date_gmt":"2021-03-28T12:27:00","guid":{"rendered":"https:\/\/dev.beneggiassociati.com\/2021\/03\/28\/nuovi-regimi-contabili-2021-ultima-chiamata-per-il-cambio\/"},"modified":"2021-03-28T14:27:00","modified_gmt":"2021-03-28T12:27:00","slug":"nuovi-regimi-contabili-2021-ultima-chiamata-per-il-cambio","status":"publish","type":"post","link":"https:\/\/beneggiassociati.com\/en\/nuovi-regimi-contabili-2021-ultima-chiamata-per-il-cambio\/","title":{"rendered":"Nuovi regimi contabili 2021, ultima chiamata per il cambio"},"content":{"rendered":"<p>&nbsp;<\/p>\n<p>Ancora poco tempo a disposizione delle imprese per modificare il regime contabile in essere dal 2021. Capita, infatti, talvolta alle imprese di mantenere gli stessi comportamenti di natura fiscale tra un anno e l\u2019altro, per poi accorgersi, magari in questi giorni, di essere costretti a cambiare binario, come nel caso del passaggio da forfettario a semplificato, o di poter scegliere di farlo, per esempio nel passaggio inverso da semplificato a forfettario.<\/p>\n<p><strong>\u00a0<\/strong><\/p>\n<p><strong>La convenienza del passaggio<\/strong><\/p>\n<p>&nbsp;<\/p>\n<p>Il regime forfettario \u00e8 particolarmente conveniente per i contribuenti ad alto valore aggiunto, che non sarebbero in grado di dedurre costi di elevato ammontare e che quindi accettano di buon grado che gli vengano riconosciuti, appunto forfettariamente, per legge e senza obbligo di documentazione. Ulteriori benefici sono costituiti dall\u2019abbattimento per artigiani e commercianti del 35% dei contributi Inps fissi e a percentuale (con un risparmio minimo di 1.400 euro circa) a cui si aggiunge il non certo sgradito risparmio in termini di minori adempimenti amministrativi, esonero da fatturazione elettronica e da compilazione degli Isa, semplificazioni nella tenuta della contabilit\u00e0 e conseguente ridotto onorario per il professionista di fiducia.<\/p>\n<p>&nbsp;<\/p>\n<p>\u00c8 oramai certo che il regime forfettario e il regime semplificato sono considerati anche dall\u2019agenzia delle Entrate entrambi regimi naturali, con la conseguenza che \u00e8 inesistente il vincolo triennale nel passaggio dall\u2019uno all\u2019altro.<\/p>\n<p>&nbsp;<\/p>\n<p>Ricordiamo anche che il forfettario \u00e8 un regime \u201cper molti ma non per tutti\u201d, considerato che si applica alle imprese e ai professionisti individuali, con incassi dell\u2019anno precedente non superiori a 65.000 euro, che non abbiano percepito redditi di lavoro dipendente e assimilati oltre 30.000 euro, che non abbiano sostenuto oltre 20.000 euro di costi per dipendenti, e collaboratori, che non posseggano partecipazioni in societ\u00e0 di persone, imprese familiari e associazioni tra professionisti n\u00e9 controllino Srl che svolgono attivit\u00e0 economiche riconducibili all\u2019attivit\u00e0 forfettaria.<\/p>\n<p><strong>\u00a0<\/strong><\/p>\n<p>La decisione sul regime da adottare \u00e8 opportuno venga assunta gi\u00e0 dai primi giorni del nuovo anno, per motivi legati all\u2019eventuale effettuazione della ritenuta per taluni contribuenti (ad esempio agenti di commercio), come pure in relazione al regime Iva e previdenziale da applicare. Il contribuente forfettario non \u00e8 sostituto d\u2019imposta, quindi non subisce n\u00e9 trattiene le ritenute previste per le prestazioni di lavoro autonomo e di intermediazione del commercio, ma se ci\u00f2 accade, le ritenute subite non andranno perse, perch\u00e9 potranno essere scomputate dall\u2019importo dall\u2019Irpef dovuta sugli eventuali altri redditi a tassazione ordinaria conseguiti dal contribuente.<\/p>\n<p>&nbsp;<\/p>\n<p>Per quanto riguarda l\u2019Iva, il forfettario emette fattura senza indicazione dell\u2019imposta: una volta passato al semplificato, dovrebbe annullare con nota di credito (cartacea) le fatture emesse fino a quel momento &#8211; comunque prima del termine per la prima liquidazione Iva 2021 (17 maggio per i trimestrali) &#8211; per poi emettere fatture elettroniche con Iva e rischiando una sanzione di 250 euro per ogni documento elettronico emesso oltre 12 giorni dal momento di effettuazione dell\u2019operazione. Al contrario, il semplificato che diventa forfettario, se ha gi\u00e0 emesso fatture con Iva, dovr\u00e0 procedere ad annullarle con nota di credito (elettronica), restituendo l\u2019Iva al cliente, per poi riemettere le fatture cartacee senza Iva con la data di effettuazione dell\u2019operazione.<\/p>\n<p>&nbsp;<\/p>\n<p>Sul fronte previdenziale, considerato che artigiani e commercianti possono optare per la riduzione del 35% dei contributi Inps (sia fissi che a conguaglio), va rilevato che, a questo fine, purtroppo, il termine per l\u2019opzione \u00e8 spirato il 1\u00b0 marzo scorso, per cui l\u2019eventuale scelta effettuata in questi giorni sul sito dell\u2019Inps varrebbe a decorrere dal 2022.<\/p>\n<p>&nbsp;<\/p>\n<p class=\"gform_not_found\">Oops! We could not locate your form.<\/p>\n<p>&nbsp;<\/p>\n<p><u>Un supporto per le imprese, startup e per chi ha\u00a0un\u2019idea di business da sviluppare.<\/u><\/p>\n<p><strong>Richiedi\u00a0un appuntamento per lo sviluppo del tuo business:<\/strong>\u00a0valutiamo la tua idea.<\/p>\n<p>&nbsp;<\/p>\n<script>\nvar gform;gform||(document.addEventListener(\"gform_main_scripts_loaded\",function(){gform.scriptsLoaded=!0}),document.addEventListener(\"gform\/theme\/scripts_loaded\",function(){gform.themeScriptsLoaded=!0}),window.addEventListener(\"DOMContentLoaded\",function(){gform.domLoaded=!0}),gform={domLoaded:!1,scriptsLoaded:!1,themeScriptsLoaded:!1,isFormEditor:()=>\"function\"==typeof InitializeEditor,callIfLoaded:function(o){return!(!gform.domLoaded||!gform.scriptsLoaded||!gform.themeScriptsLoaded&&!gform.isFormEditor()||(gform.isFormEditor()&&console.warn(\"The use of gform.initializeOnLoaded() is deprecated in the form editor context and will be removed in Gravity Forms 3.1.\"),o(),0))},initializeOnLoaded:function(o){gform.callIfLoaded(o)||(document.addEventListener(\"gform_main_scripts_loaded\",()=>{gform.scriptsLoaded=!0,gform.callIfLoaded(o)}),document.addEventListener(\"gform\/theme\/scripts_loaded\",()=>{gform.themeScriptsLoaded=!0,gform.callIfLoaded(o)}),window.addEventListener(\"DOMContentLoaded\",()=>{gform.domLoaded=!0,gform.callIfLoaded(o)}))},hooks:{action:{},filter:{}},addAction:function(o,r,e,t){gform.addHook(\"action\",o,r,e,t)},addFilter:function(o,r,e,t){gform.addHook(\"filter\",o,r,e,t)},doAction:function(o){gform.doHook(\"action\",o,arguments)},applyFilters:function(o){return gform.doHook(\"filter\",o,arguments)},removeAction:function(o,r){gform.removeHook(\"action\",o,r)},removeFilter:function(o,r,e){gform.removeHook(\"filter\",o,r,e)},addHook:function(o,r,e,t,n){null==gform.hooks[o][r]&&(gform.hooks[o][r]=[]);var d=gform.hooks[o][r];null==n&&(n=r+\"_\"+d.length),gform.hooks[o][r].push({tag:n,callable:e,priority:t=null==t?10:t})},doHook:function(r,o,e){var t;if(e=Array.prototype.slice.call(e,1),null!=gform.hooks[r][o]&&((o=gform.hooks[r][o]).sort(function(o,r){return o.priority-r.priority}),o.forEach(function(o){\"function\"!=typeof(t=o.callable)&&(t=window[t]),\"action\"==r?t.apply(null,e):e[0]=t.apply(null,e)})),\"filter\"==r)return e[0]},removeHook:function(o,r,t,n){var e;null!=gform.hooks[o][r]&&(e=(e=gform.hooks[o][r]).filter(function(o,r,e){return!!(null!=n&&n!=o.tag||null!=t&&t!=o.priority)}),gform.hooks[o][r]=e)}});\n<\/script>\n\n                <div class='gf_browser_gecko gform_wrapper gravity-theme gform-theme--no-framework' data-form-theme='gravity-theme' data-form-index='0' id='gform_wrapper_1' ><div id='gf_1' class='gform_anchor' tabindex='-1'><\/div>\n                        <div class='gform_heading'>\n                            <h2 class=\"gform_title\">Contatti (generale)<\/h2>\n                            <p class='gform_description'><\/p>\n\t\t\t\t\t\t\t<p class='gform_required_legend'>&quot;<span class=\"gfield_required gfield_required_asterisk\">*<\/span>&quot; indicates required fields<\/p>\n                        <\/div><form method='post' enctype='multipart\/form-data' target='gform_ajax_frame_1' id='gform_1'  action='\/en\/wp-json\/wp\/v2\/posts\/17652#gf_1' data-formid='1' novalidate>\n                        <div class='gform-body gform_body'><div id='gform_fields_1' class='gform_fields top_label form_sublabel_below description_below validation_below'><div id=\"field_1_9\" class=\"gfield gfield--type-honeypot gform_validation_container field_sublabel_below gfield--has-description field_description_below field_validation_below gfield_visibility_visible\"  ><label class='gfield_label gform-field-label' for='input_1_9'>Company<\/label><div class='ginput_container'><input name='input_9' id='input_1_9' type='text' value='' autocomplete='new-password'\/><\/div><div class='gfield_description' id='gfield_description_1_9'>This field is for validation purposes and should be left unchanged.<\/div><\/div><fieldset id=\"field_1_2\" class=\"gfield gfield--type-name gfield--input-type-name gfield_contains_required field_sublabel_below gfield--no-description field_description_below field_validation_below gfield_visibility_visible\"  ><legend class='gfield_label gform-field-label gfield_label_before_complex' >Nome e cognome<span class=\"gfield_required\"><span class=\"gfield_required gfield_required_asterisk\">*<\/span><\/span><\/legend><div class='ginput_complex ginput_container ginput_container--name no_prefix has_first_name no_middle_name has_last_name no_suffix gf_name_has_2 ginput_container_name gform-grid-row' id='input_1_2'>\n                            \n                            <span id='input_1_2_3_container' class='name_first gform-grid-col gform-grid-col--size-auto' >\n                                                    <input type='text' name='input_2.3' id='input_1_2_3' value=''   aria-required='true'     \/>\n                                                    <label for='input_1_2_3' class='gform-field-label gform-field-label--type-sub '>First<\/label>\n                                                <\/span>\n                            \n                            <span id='input_1_2_6_container' class='name_last gform-grid-col gform-grid-col--size-auto' >\n                                                    <input type='text' name='input_2.6' id='input_1_2_6' value=''   aria-required='true'     \/>\n                                                    <label for='input_1_2_6' class='gform-field-label gform-field-label--type-sub '>Last<\/label>\n                                                <\/span>\n                            \n                        <\/div><\/fieldset><div id=\"field_1_3\" class=\"gfield gfield--type-email gfield--input-type-email gfield--width-half gfield_contains_required field_sublabel_below gfield--no-description field_description_below field_validation_below gfield_visibility_visible\"  ><label class='gfield_label gform-field-label' for='input_1_3'>Email<span class=\"gfield_required\"><span class=\"gfield_required gfield_required_asterisk\">*<\/span><\/span><\/label><div class='ginput_container ginput_container_email'>\n                            <input name='input_3' id='input_1_3' type='email' value='' class='large'    aria-required=\"true\" aria-invalid=\"false\"  \/>\n                        <\/div><\/div><div id=\"field_1_4\" class=\"gfield gfield--type-phone gfield--input-type-phone gfield--width-half gfield_contains_required field_sublabel_below gfield--no-description field_description_below field_validation_below gfield_visibility_visible\"  ><label class='gfield_label gform-field-label' for='input_1_4'>Telefono<span class=\"gfield_required\"><span class=\"gfield_required gfield_required_asterisk\">*<\/span><\/span><\/label><div class='ginput_container ginput_container_phone'><input name='input_4' id='input_1_4' type='tel' value='' class='large'   aria-required=\"true\" aria-invalid=\"false\"   \/><\/div><\/div><div id=\"field_1_5\" class=\"gfield gfield--type-textarea gfield--input-type-textarea gfield_contains_required field_sublabel_below gfield--no-description field_description_below field_validation_below gfield_visibility_visible\"  ><label class='gfield_label gform-field-label' for='input_1_5'>Messaggio<span class=\"gfield_required\"><span class=\"gfield_required gfield_required_asterisk\">*<\/span><\/span><\/label><div class='ginput_container ginput_container_textarea'><textarea name='input_5' id='input_1_5' class='textarea medium'     aria-required=\"true\" aria-invalid=\"false\"   rows='10' cols='50'><\/textarea><\/div><\/div><fieldset id=\"field_1_6\" class=\"gfield gfield--type-consent gfield--type-choice gfield--input-type-consent gfield_contains_required field_sublabel_below gfield--no-description field_description_below field_validation_below gfield_visibility_visible\"  ><legend class='gfield_label gform-field-label gfield_label_before_complex' >Consenso<span class=\"gfield_required\"><span class=\"gfield_required gfield_required_asterisk\">*<\/span><\/span><\/legend><div class='ginput_container ginput_container_consent'><input name='input_6.1' id='input_1_6_1' type='checkbox' value='1'   aria-required=\"true\" aria-invalid=\"false\"   \/> <label class=\"gform-field-label gform-field-label--type-inline gfield_consent_label\" for='input_1_6_1' >Dichiaro di aver letto e accettato la <a href=\"https:\/\/beneggiassociati.com\/privacy-policy\/\">Privacy Policy<\/a>.<\/label><input type='hidden' name='input_6.2' value='Dichiaro di aver letto e accettato la &lt;a href=&quot;https:\/\/beneggiassociati.com\/privacy-policy\/&quot;&gt;Privacy Policy&lt;\/a&gt;.' class='gform_hidden' \/><input type='hidden' name='input_6.3' value='1' class='gform_hidden' \/><\/div><\/fieldset><div id=\"field_1_8\" class=\"gfield gfield--type-captcha gfield--input-type-captcha gfield--width-full field_sublabel_below gfield--no-description field_description_below hidden_label field_validation_below gfield_visibility_visible\"  ><label class='gfield_label gform-field-label' for='input_1_8'>CAPTCHA<\/label><div id='input_1_8' class='ginput_container ginput_recaptcha' data-sitekey='6LeCfQQsAAAAAByqpxdUINetUndsd53yS2n943_t'  data-theme='light' data-tabindex='-1' data-size='invisible' data-badge='bottomright'><\/div><\/div><\/div><\/div>\n        <div class='gform-footer gform_footer top_label'> <input type='submit' id='gform_submit_button_1' class='gform_button button' onclick='gform.submission.handleButtonClick(this);' data-submission-type='submit' value='Invia'  \/> <input type='hidden' name='gform_ajax' value='form_id=1&amp;title=1&amp;description=1&amp;tabindex=0&amp;theme=gravity-theme&amp;styles=[]&amp;hash=effc56ce4357e85eb4568acc137abee8' \/><input type='hidden' class='gform_hidden' name='gform_submission_speeds' value='{&quot;pages&quot;:[]}' \/>\n            <input type='hidden' class='gform_hidden' name='gform_submission_method' data-js='gform_submission_method_1' value='iframe' \/>\n            <input type='hidden' class='gform_hidden' name='gform_theme' data-js='gform_theme_1' id='gform_theme_1' value='gravity-theme' \/>\n            <input type='hidden' class='gform_hidden' name='gform_style_settings' data-js='gform_style_settings_1' id='gform_style_settings_1' value='[]' \/>\n            <input type='hidden' class='gform_hidden' name='is_submit_1' value='1' \/>\n            <input type='hidden' class='gform_hidden' name='gform_submit' value='1' \/>\n            \n            <input type='hidden' class='gform_hidden' name='gform_currency' data-currency='EUR' value='\/A+SDcSicgwTKR0DfgD0995T1MqW56XEM7n6295KQytwUTuYhYJIC0Ds522i9b0F2a9aADFe\/920zw6PPEg3oBwv+SsCm89GxMS9CoBYjCBJIz4=' \/>\n            <input type='hidden' class='gform_hidden' name='gform_unique_id' value='' \/>\n            <input type='hidden' class='gform_hidden' name='state_1' value='WyJ7XCI2LjFcIjpcImNjYmZkMDY4ODAwODZiM2FkNTZiMGFmZjdjZGY2YjU0XCIsXCI2LjJcIjpcIjE2NDY5MmM1NTUzOWVlZjliY2EwMWM1ZTI3ZGMzNmUyXCIsXCI2LjNcIjpcImNjYmZkMDY4ODAwODZiM2FkNTZiMGFmZjdjZGY2YjU0XCJ9IiwiM2MyYmNmOTM4ZDUxYjllMWE5Y2VlZmQzZThmYzhkNjYiXQ==' \/>\n            <input type='hidden' autocomplete='off' class='gform_hidden' name='gform_target_page_number_1' id='gform_target_page_number_1' value='0' \/>\n            <input type='hidden' autocomplete='off' class='gform_hidden' name='gform_source_page_number_1' id='gform_source_page_number_1' value='1' \/>\n            <input type='hidden' name='gform_field_values' value='' \/>\n            \n        <\/div>\n                        <\/form>\n                        <\/div>\n\t\t                <iframe style='display:none;width:0px;height:0px;' src='about:blank' name='gform_ajax_frame_1' id='gform_ajax_frame_1' title='This iframe contains the logic required to handle Ajax powered Gravity Forms.'><\/iframe>\n\t\t                <script>\ngform.initializeOnLoaded( function() {gformInitSpinner( 1, 'https:\/\/beneggiassociati.com\/wp-content\/plugins\/gravityforms\/images\/spinner.svg', true );jQuery('#gform_ajax_frame_1').on('load',function(){var contents = jQuery(this).contents().find('*').html();var is_postback = contents.indexOf('GF_AJAX_POSTBACK') >= 0;if(!is_postback){return;}var form_content = jQuery(this).contents().find('#gform_wrapper_1');var is_confirmation = jQuery(this).contents().find('#gform_confirmation_wrapper_1').length > 0;var is_redirect = contents.indexOf('gformRedirect(){') >= 0;var is_form = form_content.length > 0 && ! is_redirect && ! is_confirmation;var mt = parseInt(jQuery('html').css('margin-top'), 10) + parseInt(jQuery('body').css('margin-top'), 10) + 100;if(is_form){jQuery('#gform_wrapper_1').html(form_content.html());if(form_content.hasClass('gform_validation_error')){jQuery('#gform_wrapper_1').addClass('gform_validation_error');} else {jQuery('#gform_wrapper_1').removeClass('gform_validation_error');}setTimeout( function() { \/* delay the scroll by 50 milliseconds to fix a bug in chrome *\/ jQuery(document).scrollTop(jQuery('#gform_wrapper_1').offset().top - mt); }, 50 );if(window['gformInitDatepicker']) {gformInitDatepicker();}if(window['gformInitPriceFields']) {gformInitPriceFields();}var current_page = jQuery('#gform_source_page_number_1').val();gformInitSpinner( 1, 'https:\/\/beneggiassociati.com\/wp-content\/plugins\/gravityforms\/images\/spinner.svg', true );jQuery(document).trigger('gform_page_loaded', [1, current_page]);window['gf_submitting_1'] = false;}else if(!is_redirect){var confirmation_content = jQuery(this).contents().find('.GF_AJAX_POSTBACK').html();if(!confirmation_content){confirmation_content = contents;}jQuery('#gform_wrapper_1').replaceWith(confirmation_content);jQuery(document).scrollTop(jQuery('#gf_1').offset().top - mt);jQuery(document).trigger('gform_confirmation_loaded', [1]);window['gf_submitting_1'] = false;wp.a11y.speak(jQuery('#gform_confirmation_message_1').text());}else{jQuery('#gform_1').append(contents);if(window['gformRedirect']) {gformRedirect();}}jQuery(document).trigger(\"gform_pre_post_render\", [{ formId: \"1\", currentPage: \"current_page\", abort: function() { this.preventDefault(); } }]);        if (event && event.defaultPrevented) {                return;        }        const gformWrapperDiv = document.getElementById( \"gform_wrapper_1\" );        if ( gformWrapperDiv ) {            const visibilitySpan = document.createElement( \"span\" );            visibilitySpan.id = \"gform_visibility_test_1\";            gformWrapperDiv.insertAdjacentElement( \"afterend\", visibilitySpan );        }        const visibilityTestDiv = document.getElementById( \"gform_visibility_test_1\" );        let postRenderFired = false;        function triggerPostRender() {            if ( postRenderFired ) {                return;            }            postRenderFired = true;            gform.core.triggerPostRenderEvents( 1, current_page );            if ( visibilityTestDiv ) {                visibilityTestDiv.parentNode.removeChild( visibilityTestDiv );            }        }        function debounce( func, wait, immediate ) {            var timeout;            return function() {                var context = this, args = arguments;                var later = function() {                    timeout = null;                    if ( !immediate ) func.apply( context, args );                };                var callNow = immediate && !timeout;                clearTimeout( timeout );                timeout = setTimeout( later, wait );                if ( callNow ) func.apply( context, args );            };        }        const debouncedTriggerPostRender = debounce( function() {            triggerPostRender();        }, 200 );        if ( visibilityTestDiv && visibilityTestDiv.offsetParent === null ) {            const observer = new MutationObserver( ( mutations ) => {                mutations.forEach( ( mutation ) => {                    if ( mutation.type === 'attributes' && visibilityTestDiv.offsetParent !== null ) {                        debouncedTriggerPostRender();                        observer.disconnect();                    }                });            });            observer.observe( document.body, {                attributes: true,                childList: false,                subtree: true,                attributeFilter: [ 'style', 'class' ],            });        } else {            triggerPostRender();        }    } );} );\n<\/script>\n\n","protected":false},"excerpt":{"rendered":"<p>&nbsp; Ancora poco tempo a disposizione delle imprese per modificare il regime contabile in essere dal 2021. Capita, infatti, talvolta alle imprese di mantenere gli stessi comportamenti di natura fiscale tra un anno e l\u2019altro, per poi accorgersi, magari in questi giorni, di essere costretti a cambiare binario, come nel caso del passaggio da forfettario [&hellip;]<\/p>\n","protected":false},"author":4,"featured_media":409,"comment_status":"open","ping_status":"open","sticky":false,"template":"","format":"standard","meta":{"_acf_changed":false,"content-type":"","footnotes":""},"categories":[16],"tags":[],"class_list":["post-17652","post","type-post","status-publish","format-standard","has-post-thumbnail","hentry","category-archivio"],"acf":[],"yoast_head":"<!-- This site is optimized with the Yoast SEO plugin v27.5 - https:\/\/yoast.com\/product\/yoast-seo-wordpress\/ -->\n<title>Nuovi regimi contabili 2021, ultima chiamata per il cambio - Beneggi &amp; Associati<\/title>\n<meta name=\"description\" content=\"&nbsp; Ancora poco tempo a disposizione delle imprese per modificare il regime contabile in essere dal 2021. Capita, infatti, talvolta alle imprese di\" \/>\n<meta name=\"robots\" content=\"index, follow, max-snippet:-1, max-image-preview:large, max-video-preview:-1\" \/>\n<link rel=\"canonical\" href=\"https:\/\/beneggiassociati.com\/en\/nuovi-regimi-contabili-2021-ultima-chiamata-per-il-cambio\/\" \/>\n<meta property=\"og:locale\" content=\"en_US\" \/>\n<meta property=\"og:type\" content=\"article\" \/>\n<meta property=\"og:title\" content=\"Nuovi regimi contabili 2021, ultima chiamata per il cambio - Beneggi &amp; Associati\" \/>\n<meta property=\"og:description\" content=\"&nbsp; Ancora poco tempo a disposizione delle imprese per modificare il regime contabile in essere dal 2021. Capita, infatti, talvolta alle imprese di\" \/>\n<meta property=\"og:url\" content=\"https:\/\/beneggiassociati.com\/en\/nuovi-regimi-contabili-2021-ultima-chiamata-per-il-cambio\/\" \/>\n<meta property=\"og:site_name\" content=\"Beneggi &amp; Associati\" \/>\n<meta property=\"article:published_time\" content=\"2021-03-28T12:27:00+00:00\" \/>\n<meta property=\"og:image\" content=\"https:\/\/beneggiassociati.com\/wp-content\/uploads\/2025\/07\/single-post-beneggi.jpg\" \/>\n\t<meta property=\"og:image:width\" content=\"1280\" \/>\n\t<meta property=\"og:image:height\" content=\"823\" \/>\n\t<meta property=\"og:image:type\" content=\"image\/jpeg\" \/>\n<meta name=\"author\" content=\"Tiziano Beneggi\" \/>\n<meta name=\"twitter:card\" content=\"summary_large_image\" \/>\n<meta name=\"twitter:label1\" content=\"Written by\" \/>\n\t<meta name=\"twitter:data1\" content=\"Tiziano Beneggi\" \/>\n\t<meta name=\"twitter:label2\" content=\"Est. reading time\" \/>\n\t<meta name=\"twitter:data2\" content=\"3 minutes\" \/>\n<script type=\"application\/ld+json\" class=\"yoast-schema-graph\">{\"@context\":\"https:\\\/\\\/schema.org\",\"@graph\":[{\"@type\":\"Article\",\"@id\":\"https:\\\/\\\/beneggiassociati.com\\\/en\\\/nuovi-regimi-contabili-2021-ultima-chiamata-per-il-cambio\\\/#article\",\"isPartOf\":{\"@id\":\"https:\\\/\\\/beneggiassociati.com\\\/en\\\/nuovi-regimi-contabili-2021-ultima-chiamata-per-il-cambio\\\/\"},\"author\":{\"name\":\"Tiziano Beneggi\",\"@id\":\"https:\\\/\\\/beneggiassociati.com\\\/en\\\/#\\\/schema\\\/person\\\/828daacfa37b359e89e981f920072004\"},\"headline\":\"Nuovi regimi contabili 2021, ultima chiamata per il cambio\",\"datePublished\":\"2021-03-28T12:27:00+00:00\",\"mainEntityOfPage\":{\"@id\":\"https:\\\/\\\/beneggiassociati.com\\\/en\\\/nuovi-regimi-contabili-2021-ultima-chiamata-per-il-cambio\\\/\"},\"wordCount\":625,\"commentCount\":0,\"publisher\":{\"@id\":\"https:\\\/\\\/beneggiassociati.com\\\/en\\\/#organization\"},\"image\":{\"@id\":\"https:\\\/\\\/beneggiassociati.com\\\/en\\\/nuovi-regimi-contabili-2021-ultima-chiamata-per-il-cambio\\\/#primaryimage\"},\"thumbnailUrl\":\"https:\\\/\\\/beneggiassociati.com\\\/wp-content\\\/uploads\\\/2025\\\/07\\\/single-post-beneggi.jpg\",\"articleSection\":[\"ARCHIVIO\"],\"inLanguage\":\"en-US\"},{\"@type\":\"WebPage\",\"@id\":\"https:\\\/\\\/beneggiassociati.com\\\/en\\\/nuovi-regimi-contabili-2021-ultima-chiamata-per-il-cambio\\\/\",\"url\":\"https:\\\/\\\/beneggiassociati.com\\\/en\\\/nuovi-regimi-contabili-2021-ultima-chiamata-per-il-cambio\\\/\",\"name\":\"Nuovi regimi contabili 2021, ultima chiamata per il cambio - Beneggi &amp; Associati\",\"isPartOf\":{\"@id\":\"https:\\\/\\\/beneggiassociati.com\\\/en\\\/#website\"},\"primaryImageOfPage\":{\"@id\":\"https:\\\/\\\/beneggiassociati.com\\\/en\\\/nuovi-regimi-contabili-2021-ultima-chiamata-per-il-cambio\\\/#primaryimage\"},\"image\":{\"@id\":\"https:\\\/\\\/beneggiassociati.com\\\/en\\\/nuovi-regimi-contabili-2021-ultima-chiamata-per-il-cambio\\\/#primaryimage\"},\"thumbnailUrl\":\"https:\\\/\\\/beneggiassociati.com\\\/wp-content\\\/uploads\\\/2025\\\/07\\\/single-post-beneggi.jpg\",\"datePublished\":\"2021-03-28T12:27:00+00:00\",\"description\":\"&nbsp; Ancora poco tempo a disposizione delle imprese per modificare il regime contabile in essere dal 2021. Capita, infatti, talvolta alle imprese di\",\"breadcrumb\":{\"@id\":\"https:\\\/\\\/beneggiassociati.com\\\/en\\\/nuovi-regimi-contabili-2021-ultima-chiamata-per-il-cambio\\\/#breadcrumb\"},\"inLanguage\":\"en-US\",\"potentialAction\":[{\"@type\":\"ReadAction\",\"target\":[\"https:\\\/\\\/beneggiassociati.com\\\/en\\\/nuovi-regimi-contabili-2021-ultima-chiamata-per-il-cambio\\\/\"]}]},{\"@type\":\"ImageObject\",\"inLanguage\":\"en-US\",\"@id\":\"https:\\\/\\\/beneggiassociati.com\\\/en\\\/nuovi-regimi-contabili-2021-ultima-chiamata-per-il-cambio\\\/#primaryimage\",\"url\":\"https:\\\/\\\/beneggiassociati.com\\\/wp-content\\\/uploads\\\/2025\\\/07\\\/single-post-beneggi.jpg\",\"contentUrl\":\"https:\\\/\\\/beneggiassociati.com\\\/wp-content\\\/uploads\\\/2025\\\/07\\\/single-post-beneggi.jpg\",\"width\":1280,\"height\":823},{\"@type\":\"BreadcrumbList\",\"@id\":\"https:\\\/\\\/beneggiassociati.com\\\/en\\\/nuovi-regimi-contabili-2021-ultima-chiamata-per-il-cambio\\\/#breadcrumb\",\"itemListElement\":[{\"@type\":\"ListItem\",\"position\":1,\"name\":\"Home\",\"item\":\"https:\\\/\\\/beneggiassociati.com\\\/en\\\/?page_id=24163\"},{\"@type\":\"ListItem\",\"position\":2,\"name\":\"Nuovi regimi contabili 2021, ultima chiamata per il cambio\"}]},{\"@type\":\"WebSite\",\"@id\":\"https:\\\/\\\/beneggiassociati.com\\\/en\\\/#website\",\"url\":\"https:\\\/\\\/beneggiassociati.com\\\/en\\\/\",\"name\":\"Beneggi e associati\",\"description\":\"\",\"publisher\":{\"@id\":\"https:\\\/\\\/beneggiassociati.com\\\/en\\\/#organization\"},\"potentialAction\":[{\"@type\":\"SearchAction\",\"target\":{\"@type\":\"EntryPoint\",\"urlTemplate\":\"https:\\\/\\\/beneggiassociati.com\\\/en\\\/?s={search_term_string}\"},\"query-input\":{\"@type\":\"PropertyValueSpecification\",\"valueRequired\":true,\"valueName\":\"search_term_string\"}}],\"inLanguage\":\"en-US\"},{\"@type\":\"Organization\",\"@id\":\"https:\\\/\\\/beneggiassociati.com\\\/en\\\/#organization\",\"name\":\"Beneggi e associati\",\"url\":\"https:\\\/\\\/beneggiassociati.com\\\/en\\\/\",\"logo\":{\"@type\":\"ImageObject\",\"inLanguage\":\"en-US\",\"@id\":\"https:\\\/\\\/beneggiassociati.com\\\/en\\\/#\\\/schema\\\/logo\\\/image\\\/\",\"url\":\"https:\\\/\\\/beneggiassociati.com\\\/wp-content\\\/uploads\\\/2025\\\/07\\\/beneggi-logo.png\",\"contentUrl\":\"https:\\\/\\\/beneggiassociati.com\\\/wp-content\\\/uploads\\\/2025\\\/07\\\/beneggi-logo.png\",\"width\":141,\"height\":87,\"caption\":\"Beneggi e associati\"},\"image\":{\"@id\":\"https:\\\/\\\/beneggiassociati.com\\\/en\\\/#\\\/schema\\\/logo\\\/image\\\/\"}},{\"@type\":\"Person\",\"@id\":\"https:\\\/\\\/beneggiassociati.com\\\/en\\\/#\\\/schema\\\/person\\\/828daacfa37b359e89e981f920072004\",\"name\":\"Tiziano Beneggi\",\"url\":\"https:\\\/\\\/beneggiassociati.com\\\/en\\\/author\\\/tizianobeneggiassociati-com\\\/\"}]}<\/script>\n<!-- \/ Yoast SEO plugin. -->","yoast_head_json":{"title":"Nuovi regimi contabili 2021, ultima chiamata per il cambio - Beneggi &amp; Associati","description":"&nbsp; Ancora poco tempo a disposizione delle imprese per modificare il regime contabile in essere dal 2021. Capita, infatti, talvolta alle imprese di","robots":{"index":"index","follow":"follow","max-snippet":"max-snippet:-1","max-image-preview":"max-image-preview:large","max-video-preview":"max-video-preview:-1"},"canonical":"https:\/\/beneggiassociati.com\/en\/nuovi-regimi-contabili-2021-ultima-chiamata-per-il-cambio\/","og_locale":"en_US","og_type":"article","og_title":"Nuovi regimi contabili 2021, ultima chiamata per il cambio - Beneggi &amp; Associati","og_description":"&nbsp; Ancora poco tempo a disposizione delle imprese per modificare il regime contabile in essere dal 2021. Capita, infatti, talvolta alle imprese di","og_url":"https:\/\/beneggiassociati.com\/en\/nuovi-regimi-contabili-2021-ultima-chiamata-per-il-cambio\/","og_site_name":"Beneggi &amp; Associati","article_published_time":"2021-03-28T12:27:00+00:00","og_image":[{"width":1280,"height":823,"url":"https:\/\/beneggiassociati.com\/wp-content\/uploads\/2025\/07\/single-post-beneggi.jpg","type":"image\/jpeg"}],"author":"Tiziano Beneggi","twitter_card":"summary_large_image","twitter_misc":{"Written by":"Tiziano Beneggi","Est. reading time":"3 minutes"},"schema":{"@context":"https:\/\/schema.org","@graph":[{"@type":"Article","@id":"https:\/\/beneggiassociati.com\/en\/nuovi-regimi-contabili-2021-ultima-chiamata-per-il-cambio\/#article","isPartOf":{"@id":"https:\/\/beneggiassociati.com\/en\/nuovi-regimi-contabili-2021-ultima-chiamata-per-il-cambio\/"},"author":{"name":"Tiziano Beneggi","@id":"https:\/\/beneggiassociati.com\/en\/#\/schema\/person\/828daacfa37b359e89e981f920072004"},"headline":"Nuovi regimi contabili 2021, ultima chiamata per il cambio","datePublished":"2021-03-28T12:27:00+00:00","mainEntityOfPage":{"@id":"https:\/\/beneggiassociati.com\/en\/nuovi-regimi-contabili-2021-ultima-chiamata-per-il-cambio\/"},"wordCount":625,"commentCount":0,"publisher":{"@id":"https:\/\/beneggiassociati.com\/en\/#organization"},"image":{"@id":"https:\/\/beneggiassociati.com\/en\/nuovi-regimi-contabili-2021-ultima-chiamata-per-il-cambio\/#primaryimage"},"thumbnailUrl":"https:\/\/beneggiassociati.com\/wp-content\/uploads\/2025\/07\/single-post-beneggi.jpg","articleSection":["ARCHIVIO"],"inLanguage":"en-US"},{"@type":"WebPage","@id":"https:\/\/beneggiassociati.com\/en\/nuovi-regimi-contabili-2021-ultima-chiamata-per-il-cambio\/","url":"https:\/\/beneggiassociati.com\/en\/nuovi-regimi-contabili-2021-ultima-chiamata-per-il-cambio\/","name":"Nuovi regimi contabili 2021, ultima chiamata per il cambio - Beneggi &amp; Associati","isPartOf":{"@id":"https:\/\/beneggiassociati.com\/en\/#website"},"primaryImageOfPage":{"@id":"https:\/\/beneggiassociati.com\/en\/nuovi-regimi-contabili-2021-ultima-chiamata-per-il-cambio\/#primaryimage"},"image":{"@id":"https:\/\/beneggiassociati.com\/en\/nuovi-regimi-contabili-2021-ultima-chiamata-per-il-cambio\/#primaryimage"},"thumbnailUrl":"https:\/\/beneggiassociati.com\/wp-content\/uploads\/2025\/07\/single-post-beneggi.jpg","datePublished":"2021-03-28T12:27:00+00:00","description":"&nbsp; Ancora poco tempo a disposizione delle imprese per modificare il regime contabile in essere dal 2021. Capita, infatti, talvolta alle imprese di","breadcrumb":{"@id":"https:\/\/beneggiassociati.com\/en\/nuovi-regimi-contabili-2021-ultima-chiamata-per-il-cambio\/#breadcrumb"},"inLanguage":"en-US","potentialAction":[{"@type":"ReadAction","target":["https:\/\/beneggiassociati.com\/en\/nuovi-regimi-contabili-2021-ultima-chiamata-per-il-cambio\/"]}]},{"@type":"ImageObject","inLanguage":"en-US","@id":"https:\/\/beneggiassociati.com\/en\/nuovi-regimi-contabili-2021-ultima-chiamata-per-il-cambio\/#primaryimage","url":"https:\/\/beneggiassociati.com\/wp-content\/uploads\/2025\/07\/single-post-beneggi.jpg","contentUrl":"https:\/\/beneggiassociati.com\/wp-content\/uploads\/2025\/07\/single-post-beneggi.jpg","width":1280,"height":823},{"@type":"BreadcrumbList","@id":"https:\/\/beneggiassociati.com\/en\/nuovi-regimi-contabili-2021-ultima-chiamata-per-il-cambio\/#breadcrumb","itemListElement":[{"@type":"ListItem","position":1,"name":"Home","item":"https:\/\/beneggiassociati.com\/en\/?page_id=24163"},{"@type":"ListItem","position":2,"name":"Nuovi regimi contabili 2021, ultima chiamata per il cambio"}]},{"@type":"WebSite","@id":"https:\/\/beneggiassociati.com\/en\/#website","url":"https:\/\/beneggiassociati.com\/en\/","name":"Beneggi e associati","description":"","publisher":{"@id":"https:\/\/beneggiassociati.com\/en\/#organization"},"potentialAction":[{"@type":"SearchAction","target":{"@type":"EntryPoint","urlTemplate":"https:\/\/beneggiassociati.com\/en\/?s={search_term_string}"},"query-input":{"@type":"PropertyValueSpecification","valueRequired":true,"valueName":"search_term_string"}}],"inLanguage":"en-US"},{"@type":"Organization","@id":"https:\/\/beneggiassociati.com\/en\/#organization","name":"Beneggi e associati","url":"https:\/\/beneggiassociati.com\/en\/","logo":{"@type":"ImageObject","inLanguage":"en-US","@id":"https:\/\/beneggiassociati.com\/en\/#\/schema\/logo\/image\/","url":"https:\/\/beneggiassociati.com\/wp-content\/uploads\/2025\/07\/beneggi-logo.png","contentUrl":"https:\/\/beneggiassociati.com\/wp-content\/uploads\/2025\/07\/beneggi-logo.png","width":141,"height":87,"caption":"Beneggi e associati"},"image":{"@id":"https:\/\/beneggiassociati.com\/en\/#\/schema\/logo\/image\/"}},{"@type":"Person","@id":"https:\/\/beneggiassociati.com\/en\/#\/schema\/person\/828daacfa37b359e89e981f920072004","name":"Tiziano Beneggi","url":"https:\/\/beneggiassociati.com\/en\/author\/tizianobeneggiassociati-com\/"}]}},"_links":{"self":[{"href":"https:\/\/beneggiassociati.com\/en\/wp-json\/wp\/v2\/posts\/17652","targetHints":{"allow":["GET"]}}],"collection":[{"href":"https:\/\/beneggiassociati.com\/en\/wp-json\/wp\/v2\/posts"}],"about":[{"href":"https:\/\/beneggiassociati.com\/en\/wp-json\/wp\/v2\/types\/post"}],"author":[{"embeddable":true,"href":"https:\/\/beneggiassociati.com\/en\/wp-json\/wp\/v2\/users\/4"}],"replies":[{"embeddable":true,"href":"https:\/\/beneggiassociati.com\/en\/wp-json\/wp\/v2\/comments?post=17652"}],"version-history":[{"count":0,"href":"https:\/\/beneggiassociati.com\/en\/wp-json\/wp\/v2\/posts\/17652\/revisions"}],"wp:featuredmedia":[{"embeddable":true,"href":"https:\/\/beneggiassociati.com\/en\/wp-json\/wp\/v2\/media\/409"}],"wp:attachment":[{"href":"https:\/\/beneggiassociati.com\/en\/wp-json\/wp\/v2\/media?parent=17652"}],"wp:term":[{"taxonomy":"category","embeddable":true,"href":"https:\/\/beneggiassociati.com\/en\/wp-json\/wp\/v2\/categories?post=17652"},{"taxonomy":"post_tag","embeddable":true,"href":"https:\/\/beneggiassociati.com\/en\/wp-json\/wp\/v2\/tags?post=17652"}],"curies":[{"name":"wp","href":"https:\/\/api.w.org\/{rel}","templated":true}]}}