{"id":17695,"date":"2021-05-21T17:43:00","date_gmt":"2021-05-21T15:43:00","guid":{"rendered":"https:\/\/dev.beneggiassociati.com\/2021\/05\/21\/decreto-sostegni-bis-aiuti-lavoro-imprese\/"},"modified":"2021-05-21T17:43:00","modified_gmt":"2021-05-21T15:43:00","slug":"decreto-sostegni-bis-aiuti-lavoro-imprese","status":"publish","type":"post","link":"https:\/\/beneggiassociati.com\/en\/decreto-sostegni-bis-aiuti-lavoro-imprese\/","title":{"rendered":"Decreto sostegni bis: aiuti, lavoro, imprese"},"content":{"rendered":"<p>&nbsp;<\/p>\n<p>Il Consiglio dei Ministri ha approvato un decreto-legge che introduce misure urgenti connesse all\u2019emergenza da COVID-19, per le imprese, il lavoro, i giovani, la salute e i servizi territoriali.<\/p>\n<p>Gli interventi previsti si articolano su 7 principali linee di azione.<\/p>\n<p>&nbsp;<\/p>\n<p><strong>Sostegno alle imprese, all\u2019economia e abbattimento dei costi fissi<\/strong>: Si prevede un nuovo pacchetto di contributi a fondo perduto per i soggetti titolari di partita IVA che svolgono attivit\u00e0 d\u2019impresa, arte o professione, nonch\u00e9 per gli enti non commerciali e del terzo settore, senza pi\u00f9 alcuna limitazione settoriale o vincolo di classificazione delle attivit\u00e0 economiche interessate. Il nuovo intervento \u00e8 pi\u00f9 articolato dei precedenti, con l\u2019obiettivo di raggiungere una platea ancora pi\u00f9 ampia di beneficiari e di fornire un ristoro maggiormente in linea con gli effettivi danni economici subiti dagli operatori a causa della pandemia. Per tali interventi, lo stanziamento complessivo ammonta a oltre 15 miliardi di euro. La misura si articola su tre componenti:<\/p>\n<ul>\n<li>la replica del precedente intervento previsto dal primo decreto \u201csostegni\u201d, con un contributo a fondo perduto per le partite IVA con determinate classi di ricavi, che abbiamo subito un calo del fatturato di almeno il 30 per cento tra il 2019 e il 2020;<\/li>\n<li>una seconda componente basata sul calo medio mensile del fatturato nel periodo compreso tra il primo aprile 2020 e il 31 marzo 2021;<\/li>\n<li>la terza componente avr\u00e0 una finalit\u00e0 perequativa e si concentrer\u00e0 sui risultati economici dei contribuenti, anzich\u00e9 sul fatturato. Il contributo verr\u00e0 assegnato sulla base del peggioramento del risultato economico d\u2019esercizio e terr\u00e0 conto dei ristori e sostegni gi\u00e0 percepiti nel 2020 e nel 2021.<\/li>\n<\/ul>\n<p>Per il sostegno all\u2019economia e l\u2019abbattimento dei costi fissi delle imprese sono previste ulteriori misure:<\/p>\n<ul>\n<li>credito d\u2019imposta per canoni di locazione ed affitto di immobili ad uso non abitativo per i mesi da gennaio a maggio 2021. Per imprese del settore alberghiero e turistico, agenzie di viaggio e tour operator la misura \u00e8 estesa fino a luglio 2021. Lo stanziamento complessivo \u00e8 di oltre 1,8 miliardi di euro;<\/li>\n<li>esenzione della Tari per gli esercizi commerciali e le attivit\u00e0 economiche colpite dalla pandemia, con uno stanziamento di 600 milioni di euro;<\/li>\n<li>il contributo per il pagamento delle bollette elettriche diverse dagli usi domestici viene prorogato fino a luglio 2021;<\/li>\n<li>viene accresciuta con uno stanziamento di 1,6 miliardi la dotazione del Fondo per l\u2019internazionalizzazione delle imprese;<\/li>\n<li>viene integrato con 100 milioni di euro il Fondo per gli operatori del turismo invernale.<\/li>\n<li>viene potenziato con 120 milioni di euro il Fondo per sostenere le attivit\u00e0 connesse con eventi e matrimoni e i parchi tematici;<\/li>\n<li>viene istituito un \u2018Fondo per il sostegno delle attivit\u00e0 economiche chiuse\u2019 con una dotazione di 100 milioni di euro;<\/li>\n<li>viene differita per ulteriori 2 mesi, fino al 30 giugno 2021, la sospensione delle attivit\u00e0 dell\u2019Agente della Riscossione;<\/li>\n<li>viene rinviata a gennaio 2022 l\u2019entrata in vigore della cosiddetta \u2018plastic tax\u2019.<\/li>\n<\/ul>\n<p>&nbsp;<\/p>\n<p><strong>Accesso al credito e liquidit\u00e0 delle imprese: <\/strong>L\u2019obiettivo di queste misure \u00e8 quello di garantire l\u2019accesso al credito, sostenere la liquidit\u00e0 e incentivare la capitalizzazione delle imprese, attraverso l\u2019estensione di misure in vigore e l\u2019attuazione di nuovi interventi. In particolare:<\/p>\n<ul>\n<li>viene prorogata al 31 dicembre 2021 la moratoria sui prestiti, applicata alla quota capitale delle esposizioni oggetto di moratoria, e sono prolungati e rimodulati gli strumenti di garanzia emergenziali previsti dal Fondo di Garanzia per le Pmi e da Garanzia Italia di Sace;<\/li>\n<li>nell\u2019ambito del Fondo Pmi, si introduce uno strumento di garanzia pubblica di portafoglio a supporto dei crediti a medio lungo termine per finanziare progetti di ricerca e sviluppo e programmi di investimento di imprese fino a 500 dipendenti;<\/li>\n<li>al fine di favorire la patrimonializzazione delle imprese, con uno stanziamento di 2 miliardi di euro, si prevede un regime transitorio straordinario della disciplina dell\u2019ACE (Aiuto alla Crescita Economica) per gli aumenti di capitale fino a 5 milioni di euro, con la possibilit\u00e0 di trasformare il relativo beneficio fiscale in credito d\u2019imposta compensabile per il 2021;<\/li>\n<li>\u00e8 estesa ai soggetti con ricavi superiori ai 5 milioni di euro la possibilit\u00e0 di utilizzare in compensazione nel solo 2021 il credito d\u2019imposta per gli investimenti effettuati nello stesso anno nei cosiddetti beni \u2018ex super ammortamento\u2019;<\/li>\n<li>viene introdotta un\u2019agevolazione fiscale temporanea per favorire gli apporti di capitale da parte delle persone fisiche in start-up e Pmi innovative;<\/li>\n<li>con uno stanziamento di 1,6 miliardi, viene accresciuto a 2 milioni di euro il limite annuo dei crediti d\u2019imposta compensabili o rimborsabili, per favorire lo smobilizzo dei crediti tributari e contributivi.<\/li>\n<\/ul>\n<p>&nbsp;<\/p>\n<p><strong>Tutela della salute<\/strong>: Sono previsti interventi per ridurre le liste di attesa per l\u2019accesso alle prestazioni sanitarie e per l\u2019erogazione di prestazioni specialistiche per il monitoraggio, la prevenzione e la diagnosi di eventuali complicanze dalla malattia del COVID-19.<\/p>\n<p>&nbsp;<\/p>\n<p><strong>Lavoro e politiche sociali: <\/strong>Il decreto prevede:<\/p>\n<ul>\n<li>quattro ulteriori mensilit\u00e0 per il reddito di emergenza (REM);<\/li>\n<li>una nuova indennit\u00e0 una tantum per i lavoratori stagionali, del turismo e dello sport che avevano gi\u00e0 beneficiato della stessa misura prevista con il decreto \u201csostegni\u201d;<\/li>\n<li>il blocco alla progressiva riduzione dell\u2019indennit\u00e0 prevista con la Naspi;<\/li>\n<li>l\u2019estensione al 2021 del contratto di espansione per le imprese con almeno 100 dipendenti e nuove risorse per i contratti di solidariet\u00e0;<\/li>\n<li>l\u2019introduzione del contratto di rioccupazione, volto a incentivare l\u2019inserimento dei lavoratori disoccupati nel mercato del lavoro;<\/li>\n<li>l\u2019istituzione di un fondo da 500 milioni di euro per l\u2019adozione di misure urgenti a sostegno delle famiglie vulnerabili.<\/li>\n<\/ul>\n<p>&nbsp;<\/p>\n<p><strong>Sostegno agli enti territoriali<\/strong>: Sono introdotte misure per complessivi 1,9 miliardi al fine di sostenere gli Enti territoriali e le autonomie nella difficile congiuntura economica. Fra gli interventi principali, vengono destinati 500 milioni al trasporto pubblico locale e 100 milioni per compensare le minori entrate dell\u2019imposta di soggiorno. Inoltre, viene istituito un fondo da 500 milioni di euro per il percorso di risanamento dei Comuni in disavanzo strutturale.<\/p>\n<p>&nbsp;<\/p>\n<p><strong>Giovani, scuola e ricerca<\/strong>: Si amplia la platea dei giovani destinatari delle agevolazioni fiscali per l\u2019acquisto della casa (esenzione dell\u2019imposta sostitutiva su bollo e ipoteche), con un ISEE fino a 40.000 euro. Si dispone il potenziamento del Fondo Gasparrini (Fondo di solidariet\u00e0 per i mutui per l\u2019acquisto per la prima casa) e del Fondo di Garanzia prima casa, portando la percentuale di copertura della garanzia dal 50 all\u201980 per cento. Sono previste risorse per l\u2019acquisto di beni e servizi finalizzati a contenere il rischio epidemiologico in vista dell\u2019anno scolastico 2021-22, per l\u2019adeguamento degli spazi e delle aule e per potenziare i centri estivi diurni.<\/p>\n<p>&nbsp;<\/p>\n<p><strong>Ricerca di base e sviluppo farmaci innovativi: <\/strong>Al fine di promuovere lo sviluppo della ricerca fondamentale, \u00e8 istituito un apposito fondo, denominato \u201cFondo italiano per la scienza\u201d, con una dotazione iniziale di 50 milioni di euro per l\u2019anno 2021 e di 150 milioni di euro a decorrere dall\u2019anno 2022. L\u2019assegnazione delle risorse avviene attraverso procedure competitive ispirate ai parametri dello European Research Council (ERC). Inoltre, si prevede un credito d\u2019imposta nella misura del 20 per cento dei costi sostenuti dal 1\u00b0 giugno 2021 al 31 dicembre 2030 per le imprese che effettuano attivit\u00e0 di ricerca e sviluppo per farmaci innovativi, inclusi i vaccini. Il beneficiario dell\u2019aiuto dovr\u00e0 impegnarsi a concedere licenze non esclusive a condizioni di mercato non discriminatorie a terzi nello Spazio economico europeo.<\/p>\n<p>&nbsp;<\/p>\n<p><strong>Misure di carattere settoriale: <\/strong>Ulteriori risorse sono state stanziate per sostenere attivit\u00e0 economiche di settori specifici colpiti dalla pandemia, ad esempio i trasporti, la cultura, lo spettacolo e l\u2019agricoltura. Per il settore aeroportuale e gli operatori nazionali sono previsti 400 milioni di euro; vengono incrementati i fondi per spettacolo, cinema e audiovisivo e a sostegno di istituzioni culturali e musei. Si introduce una indennit\u00e0 una tantum per i lavoratori del settore agricolo a tempo determinato e per i pescatori. Per i lavoratori stagionali dello spettacolo e dello sport che ne abbiano gi\u00e0 usufruito \u00e8 prevista una ulteriore indennit\u00e0, che potr\u00e0 essere richiesta anche da ulteriori categorie di lavoratori degli stessi settori.<\/p>\n<p>&nbsp;<\/p>\n<p><strong>Trasporto areo di linea<\/strong>: Si incrementa di 200 milioni di euro per l\u2019anno 2021 il Fondo per il sostegno alle grandi imprese in difficolt\u00e0 finanziaria. Inoltre, al fine scongiurare il rischio di interruzione del servizio di trasporto aereo di linea di passeggeri e garantire la continuit\u00e0 territoriale, nelle more delle valutazioni della Commissione europea sul piano industriale, \u00e8 concesso, per l\u2019anno 2021, ad Alitalia &#8211; Societ\u00e0 Aerea Italiana S.p.A. in amministrazione straordinaria un finanziamento a titolo oneroso non superiore a 100 milioni di euro e della durata massima di sei mesi, da utilizzare per la continuit\u00e0 operativa e gestionale.<\/p>\n<p>&nbsp;<\/p>\n<p><u>Un supporto per le imprese, startup e per chi ha\u00a0un\u2019idea di business da sviluppare.<\/u><\/p>\n<p><strong>Richiedi\u00a0un appuntamento per lo sviluppo del tuo business:<\/strong>\u00a0valutiamo la tua idea.<\/p>\n<p>&nbsp;<\/p>\n<script>\nvar gform;gform||(document.addEventListener(\"gform_main_scripts_loaded\",function(){gform.scriptsLoaded=!0}),document.addEventListener(\"gform\/theme\/scripts_loaded\",function(){gform.themeScriptsLoaded=!0}),window.addEventListener(\"DOMContentLoaded\",function(){gform.domLoaded=!0}),gform={domLoaded:!1,scriptsLoaded:!1,themeScriptsLoaded:!1,isFormEditor:()=>\"function\"==typeof InitializeEditor,callIfLoaded:function(o){return!(!gform.domLoaded||!gform.scriptsLoaded||!gform.themeScriptsLoaded&&!gform.isFormEditor()||(gform.isFormEditor()&&console.warn(\"The use of gform.initializeOnLoaded() is deprecated in the form editor context and will be removed in Gravity Forms 3.1.\"),o(),0))},initializeOnLoaded:function(o){gform.callIfLoaded(o)||(document.addEventListener(\"gform_main_scripts_loaded\",()=>{gform.scriptsLoaded=!0,gform.callIfLoaded(o)}),document.addEventListener(\"gform\/theme\/scripts_loaded\",()=>{gform.themeScriptsLoaded=!0,gform.callIfLoaded(o)}),window.addEventListener(\"DOMContentLoaded\",()=>{gform.domLoaded=!0,gform.callIfLoaded(o)}))},hooks:{action:{},filter:{}},addAction:function(o,r,e,t){gform.addHook(\"action\",o,r,e,t)},addFilter:function(o,r,e,t){gform.addHook(\"filter\",o,r,e,t)},doAction:function(o){gform.doHook(\"action\",o,arguments)},applyFilters:function(o){return gform.doHook(\"filter\",o,arguments)},removeAction:function(o,r){gform.removeHook(\"action\",o,r)},removeFilter:function(o,r,e){gform.removeHook(\"filter\",o,r,e)},addHook:function(o,r,e,t,n){null==gform.hooks[o][r]&&(gform.hooks[o][r]=[]);var d=gform.hooks[o][r];null==n&&(n=r+\"_\"+d.length),gform.hooks[o][r].push({tag:n,callable:e,priority:t=null==t?10:t})},doHook:function(r,o,e){var t;if(e=Array.prototype.slice.call(e,1),null!=gform.hooks[r][o]&&((o=gform.hooks[r][o]).sort(function(o,r){return o.priority-r.priority}),o.forEach(function(o){\"function\"!=typeof(t=o.callable)&&(t=window[t]),\"action\"==r?t.apply(null,e):e[0]=t.apply(null,e)})),\"filter\"==r)return e[0]},removeHook:function(o,r,t,n){var e;null!=gform.hooks[o][r]&&(e=(e=gform.hooks[o][r]).filter(function(o,r,e){return!!(null!=n&&n!=o.tag||null!=t&&t!=o.priority)}),gform.hooks[o][r]=e)}});\n<\/script>\n\n                <div class='gf_browser_gecko gform_wrapper gravity-theme gform-theme--no-framework' data-form-theme='gravity-theme' data-form-index='0' id='gform_wrapper_1' ><div id='gf_1' class='gform_anchor' tabindex='-1'><\/div>\n                        <div class='gform_heading'>\n                            <h2 class=\"gform_title\">Contatti (generale)<\/h2>\n                            <p class='gform_description'><\/p>\n\t\t\t\t\t\t\t<p class='gform_required_legend'>&quot;<span class=\"gfield_required gfield_required_asterisk\">*<\/span>&quot; indicates required fields<\/p>\n                        <\/div><form method='post' enctype='multipart\/form-data' target='gform_ajax_frame_1' id='gform_1'  action='\/en\/wp-json\/wp\/v2\/posts\/17695#gf_1' data-formid='1' novalidate>\n                        <div class='gform-body gform_body'><div id='gform_fields_1' class='gform_fields top_label form_sublabel_below description_below validation_below'><div id=\"field_1_9\" class=\"gfield gfield--type-honeypot gform_validation_container field_sublabel_below gfield--has-description field_description_below field_validation_below gfield_visibility_visible\"  ><label class='gfield_label gform-field-label' for='input_1_9'>LinkedIn<\/label><div class='ginput_container'><input name='input_9' id='input_1_9' type='text' value='' autocomplete='new-password'\/><\/div><div class='gfield_description' id='gfield_description_1_9'>This field is for validation purposes and should be left unchanged.<\/div><\/div><fieldset id=\"field_1_2\" class=\"gfield gfield--type-name gfield--input-type-name gfield_contains_required field_sublabel_below gfield--no-description field_description_below field_validation_below gfield_visibility_visible\"  ><legend class='gfield_label gform-field-label gfield_label_before_complex' >Nome e cognome<span class=\"gfield_required\"><span class=\"gfield_required gfield_required_asterisk\">*<\/span><\/span><\/legend><div class='ginput_complex ginput_container ginput_container--name no_prefix has_first_name no_middle_name has_last_name no_suffix gf_name_has_2 ginput_container_name gform-grid-row' id='input_1_2'>\n                            \n                            <span id='input_1_2_3_container' class='name_first gform-grid-col gform-grid-col--size-auto' >\n                                                    <input type='text' name='input_2.3' id='input_1_2_3' value=''   aria-required='true'     \/>\n                                                    <label for='input_1_2_3' class='gform-field-label gform-field-label--type-sub '>First<\/label>\n                                                <\/span>\n                            \n                            <span id='input_1_2_6_container' class='name_last gform-grid-col gform-grid-col--size-auto' >\n                                                    <input type='text' name='input_2.6' id='input_1_2_6' value=''   aria-required='true'     \/>\n                                                    <label for='input_1_2_6' class='gform-field-label gform-field-label--type-sub '>Last<\/label>\n                                                <\/span>\n                            \n                        <\/div><\/fieldset><div id=\"field_1_3\" class=\"gfield gfield--type-email gfield--input-type-email gfield--width-half gfield_contains_required field_sublabel_below gfield--no-description field_description_below field_validation_below gfield_visibility_visible\"  ><label class='gfield_label gform-field-label' for='input_1_3'>Email<span class=\"gfield_required\"><span class=\"gfield_required gfield_required_asterisk\">*<\/span><\/span><\/label><div class='ginput_container ginput_container_email'>\n                            <input name='input_3' id='input_1_3' type='email' value='' class='large'    aria-required=\"true\" aria-invalid=\"false\"  \/>\n                        <\/div><\/div><div id=\"field_1_4\" class=\"gfield gfield--type-phone gfield--input-type-phone gfield--width-half gfield_contains_required field_sublabel_below gfield--no-description field_description_below field_validation_below gfield_visibility_visible\"  ><label class='gfield_label gform-field-label' for='input_1_4'>Telefono<span class=\"gfield_required\"><span class=\"gfield_required gfield_required_asterisk\">*<\/span><\/span><\/label><div class='ginput_container ginput_container_phone'><input name='input_4' id='input_1_4' type='tel' value='' class='large'   aria-required=\"true\" aria-invalid=\"false\"   \/><\/div><\/div><div id=\"field_1_5\" class=\"gfield gfield--type-textarea gfield--input-type-textarea gfield_contains_required field_sublabel_below gfield--no-description field_description_below field_validation_below gfield_visibility_visible\"  ><label class='gfield_label gform-field-label' for='input_1_5'>Messaggio<span class=\"gfield_required\"><span class=\"gfield_required gfield_required_asterisk\">*<\/span><\/span><\/label><div class='ginput_container ginput_container_textarea'><textarea name='input_5' id='input_1_5' class='textarea medium'     aria-required=\"true\" aria-invalid=\"false\"   rows='10' cols='50'><\/textarea><\/div><\/div><fieldset id=\"field_1_6\" class=\"gfield gfield--type-consent gfield--type-choice gfield--input-type-consent gfield_contains_required field_sublabel_below gfield--no-description field_description_below field_validation_below gfield_visibility_visible\"  ><legend class='gfield_label gform-field-label gfield_label_before_complex' >Consenso<span class=\"gfield_required\"><span class=\"gfield_required gfield_required_asterisk\">*<\/span><\/span><\/legend><div class='ginput_container ginput_container_consent'><input name='input_6.1' id='input_1_6_1' type='checkbox' value='1'   aria-required=\"true\" aria-invalid=\"false\"   \/> <label class=\"gform-field-label gform-field-label--type-inline gfield_consent_label\" for='input_1_6_1' >Dichiaro di aver letto e accettato la <a href=\"https:\/\/beneggiassociati.com\/privacy-policy\/\">Privacy Policy<\/a>.<\/label><input type='hidden' name='input_6.2' value='Dichiaro di aver letto e accettato la &lt;a href=&quot;https:\/\/beneggiassociati.com\/privacy-policy\/&quot;&gt;Privacy Policy&lt;\/a&gt;.' class='gform_hidden' \/><input type='hidden' name='input_6.3' value='1' class='gform_hidden' \/><\/div><\/fieldset><div id=\"field_1_8\" class=\"gfield gfield--type-captcha gfield--input-type-captcha gfield--width-full field_sublabel_below gfield--no-description field_description_below hidden_label field_validation_below gfield_visibility_visible\"  ><label class='gfield_label gform-field-label' for='input_1_8'>CAPTCHA<\/label><div id='input_1_8' class='ginput_container ginput_recaptcha' data-sitekey='6LeCfQQsAAAAAByqpxdUINetUndsd53yS2n943_t'  data-theme='light' data-tabindex='-1' data-size='invisible' data-badge='bottomright'><\/div><\/div><\/div><\/div>\n        <div class='gform-footer gform_footer top_label'> <input type='submit' id='gform_submit_button_1' class='gform_button button' onclick='gform.submission.handleButtonClick(this);' data-submission-type='submit' value='Invia'  \/> <input type='hidden' name='gform_ajax' value='form_id=1&amp;title=1&amp;description=1&amp;tabindex=0&amp;theme=gravity-theme&amp;styles=[]&amp;hash=effc56ce4357e85eb4568acc137abee8' \/><input type='hidden' class='gform_hidden' name='gform_submission_speeds' value='{&quot;pages&quot;:[]}' \/>\n            <input type='hidden' class='gform_hidden' name='gform_submission_method' data-js='gform_submission_method_1' value='iframe' \/>\n            <input type='hidden' class='gform_hidden' name='gform_theme' data-js='gform_theme_1' id='gform_theme_1' value='gravity-theme' \/>\n            <input type='hidden' class='gform_hidden' name='gform_style_settings' data-js='gform_style_settings_1' id='gform_style_settings_1' value='[]' \/>\n            <input type='hidden' class='gform_hidden' name='is_submit_1' value='1' \/>\n            <input type='hidden' class='gform_hidden' name='gform_submit' value='1' \/>\n            \n            <input type='hidden' class='gform_hidden' name='gform_currency' data-currency='EUR' value='NUAtFpif74\/krGhK4ubEPV335Tnig+dT0okfX2mU0Mcdic3Ne9RlXwLGXEZfvA3nPC0xDbcwgdWguDics14Dgj8eCZ+oK63nhX6ja3ifXflKJJk=' \/>\n            <input type='hidden' class='gform_hidden' name='gform_unique_id' value='' \/>\n            <input type='hidden' class='gform_hidden' name='state_1' value='WyJ7XCI2LjFcIjpcImNjYmZkMDY4ODAwODZiM2FkNTZiMGFmZjdjZGY2YjU0XCIsXCI2LjJcIjpcIjE2NDY5MmM1NTUzOWVlZjliY2EwMWM1ZTI3ZGMzNmUyXCIsXCI2LjNcIjpcImNjYmZkMDY4ODAwODZiM2FkNTZiMGFmZjdjZGY2YjU0XCJ9IiwiM2MyYmNmOTM4ZDUxYjllMWE5Y2VlZmQzZThmYzhkNjYiXQ==' \/>\n            <input type='hidden' autocomplete='off' class='gform_hidden' name='gform_target_page_number_1' id='gform_target_page_number_1' value='0' \/>\n            <input type='hidden' autocomplete='off' class='gform_hidden' name='gform_source_page_number_1' id='gform_source_page_number_1' value='1' \/>\n            <input type='hidden' name='gform_field_values' value='' \/>\n            \n        <\/div>\n                        <\/form>\n                        <\/div>\n\t\t                <iframe style='display:none;width:0px;height:0px;' src='about:blank' name='gform_ajax_frame_1' id='gform_ajax_frame_1' title='This iframe contains the logic required to handle Ajax powered Gravity Forms.'><\/iframe>\n\t\t                <script>\ngform.initializeOnLoaded( function() {gformInitSpinner( 1, 'https:\/\/beneggiassociati.com\/wp-content\/plugins\/gravityforms\/images\/spinner.svg', true );jQuery('#gform_ajax_frame_1').on('load',function(){var contents = jQuery(this).contents().find('*').html();var is_postback = contents.indexOf('GF_AJAX_POSTBACK') >= 0;if(!is_postback){return;}var form_content = jQuery(this).contents().find('#gform_wrapper_1');var is_confirmation = jQuery(this).contents().find('#gform_confirmation_wrapper_1').length > 0;var is_redirect = contents.indexOf('gformRedirect(){') >= 0;var is_form = form_content.length > 0 && ! is_redirect && ! is_confirmation;var mt = parseInt(jQuery('html').css('margin-top'), 10) + parseInt(jQuery('body').css('margin-top'), 10) + 100;if(is_form){jQuery('#gform_wrapper_1').html(form_content.html());if(form_content.hasClass('gform_validation_error')){jQuery('#gform_wrapper_1').addClass('gform_validation_error');} else {jQuery('#gform_wrapper_1').removeClass('gform_validation_error');}setTimeout( function() { \/* delay the scroll by 50 milliseconds to fix a bug in chrome *\/ jQuery(document).scrollTop(jQuery('#gform_wrapper_1').offset().top - mt); }, 50 );if(window['gformInitDatepicker']) {gformInitDatepicker();}if(window['gformInitPriceFields']) {gformInitPriceFields();}var current_page = jQuery('#gform_source_page_number_1').val();gformInitSpinner( 1, 'https:\/\/beneggiassociati.com\/wp-content\/plugins\/gravityforms\/images\/spinner.svg', true );jQuery(document).trigger('gform_page_loaded', [1, current_page]);window['gf_submitting_1'] = false;}else if(!is_redirect){var confirmation_content = jQuery(this).contents().find('.GF_AJAX_POSTBACK').html();if(!confirmation_content){confirmation_content = contents;}jQuery('#gform_wrapper_1').replaceWith(confirmation_content);jQuery(document).scrollTop(jQuery('#gf_1').offset().top - mt);jQuery(document).trigger('gform_confirmation_loaded', [1]);window['gf_submitting_1'] = false;wp.a11y.speak(jQuery('#gform_confirmation_message_1').text());}else{jQuery('#gform_1').append(contents);if(window['gformRedirect']) {gformRedirect();}}jQuery(document).trigger(\"gform_pre_post_render\", [{ formId: \"1\", currentPage: \"current_page\", abort: function() { this.preventDefault(); } }]);        if (event && event.defaultPrevented) {                return;        }        const gformWrapperDiv = document.getElementById( \"gform_wrapper_1\" );        if ( gformWrapperDiv ) {            const visibilitySpan = document.createElement( \"span\" );            visibilitySpan.id = \"gform_visibility_test_1\";            gformWrapperDiv.insertAdjacentElement( \"afterend\", visibilitySpan );        }        const visibilityTestDiv = document.getElementById( \"gform_visibility_test_1\" );        let postRenderFired = false;        function triggerPostRender() {            if ( postRenderFired ) {                return;            }            postRenderFired = true;            gform.core.triggerPostRenderEvents( 1, current_page );            if ( visibilityTestDiv ) {                visibilityTestDiv.parentNode.removeChild( visibilityTestDiv );            }        }        function debounce( func, wait, immediate ) {            var timeout;            return function() {                var context = this, args = arguments;                var later = function() {                    timeout = null;                    if ( !immediate ) func.apply( context, args );                };                var callNow = immediate && !timeout;                clearTimeout( timeout );                timeout = setTimeout( later, wait );                if ( callNow ) func.apply( context, args );            };        }        const debouncedTriggerPostRender = debounce( function() {            triggerPostRender();        }, 200 );        if ( visibilityTestDiv && visibilityTestDiv.offsetParent === null ) {            const observer = new MutationObserver( ( mutations ) => {                mutations.forEach( ( mutation ) => {                    if ( mutation.type === 'attributes' && visibilityTestDiv.offsetParent !== null ) {                        debouncedTriggerPostRender();                        observer.disconnect();                    }                });            });            observer.observe( document.body, {                attributes: true,                childList: false,                subtree: true,                attributeFilter: [ 'style', 'class' ],            });        } else {            triggerPostRender();        }    } );} );\n<\/script>\n\n<p>&nbsp;<\/p>\n","protected":false},"excerpt":{"rendered":"<p>&nbsp; Il Consiglio dei Ministri ha approvato un decreto-legge che introduce misure urgenti connesse all\u2019emergenza da COVID-19, per le imprese, il lavoro, i giovani, la salute e i servizi territoriali. Gli interventi previsti si articolano su 7 principali linee di azione. &nbsp; Sostegno alle imprese, all\u2019economia e abbattimento dei costi fissi: Si prevede un nuovo [&hellip;]<\/p>\n","protected":false},"author":4,"featured_media":409,"comment_status":"open","ping_status":"open","sticky":false,"template":"","format":"standard","meta":{"_acf_changed":false,"content-type":"","footnotes":""},"categories":[16],"tags":[],"class_list":["post-17695","post","type-post","status-publish","format-standard","has-post-thumbnail","hentry","category-archivio"],"acf":[],"yoast_head":"<!-- This site is optimized with the Yoast SEO plugin v27.5 - https:\/\/yoast.com\/product\/yoast-seo-wordpress\/ -->\n<title>Decreto sostegni bis: aiuti, lavoro, imprese - Beneggi &amp; Associati<\/title>\n<meta name=\"description\" content=\"&nbsp; Il Consiglio dei Ministri ha approvato un decreto-legge che introduce misure urgenti connesse all\u2019emergenza da COVID-19, per le imprese, il lavoro,\" \/>\n<meta name=\"robots\" content=\"index, follow, max-snippet:-1, max-image-preview:large, max-video-preview:-1\" \/>\n<link rel=\"canonical\" href=\"https:\/\/beneggiassociati.com\/en\/decreto-sostegni-bis-aiuti-lavoro-imprese\/\" \/>\n<meta property=\"og:locale\" content=\"en_US\" \/>\n<meta property=\"og:type\" content=\"article\" \/>\n<meta property=\"og:title\" content=\"Decreto sostegni bis: aiuti, lavoro, imprese - Beneggi &amp; Associati\" \/>\n<meta property=\"og:description\" content=\"&nbsp; Il Consiglio dei Ministri ha approvato un decreto-legge che introduce misure urgenti connesse all\u2019emergenza da COVID-19, per le imprese, il lavoro,\" \/>\n<meta property=\"og:url\" content=\"https:\/\/beneggiassociati.com\/en\/decreto-sostegni-bis-aiuti-lavoro-imprese\/\" \/>\n<meta property=\"og:site_name\" content=\"Beneggi &amp; Associati\" \/>\n<meta property=\"article:published_time\" content=\"2021-05-21T15:43:00+00:00\" \/>\n<meta property=\"og:image\" content=\"https:\/\/beneggiassociati.com\/wp-content\/uploads\/2025\/07\/single-post-beneggi.jpg\" \/>\n\t<meta property=\"og:image:width\" content=\"1280\" \/>\n\t<meta property=\"og:image:height\" content=\"823\" \/>\n\t<meta property=\"og:image:type\" content=\"image\/jpeg\" \/>\n<meta name=\"author\" content=\"Tiziano Beneggi\" \/>\n<meta name=\"twitter:card\" content=\"summary_large_image\" \/>\n<meta name=\"twitter:label1\" content=\"Written by\" \/>\n\t<meta name=\"twitter:data1\" content=\"Tiziano Beneggi\" \/>\n\t<meta name=\"twitter:label2\" content=\"Est. reading time\" \/>\n\t<meta name=\"twitter:data2\" content=\"7 minutes\" \/>\n<script type=\"application\/ld+json\" class=\"yoast-schema-graph\">{\"@context\":\"https:\\\/\\\/schema.org\",\"@graph\":[{\"@type\":\"Article\",\"@id\":\"https:\\\/\\\/beneggiassociati.com\\\/en\\\/decreto-sostegni-bis-aiuti-lavoro-imprese\\\/#article\",\"isPartOf\":{\"@id\":\"https:\\\/\\\/beneggiassociati.com\\\/en\\\/decreto-sostegni-bis-aiuti-lavoro-imprese\\\/\"},\"author\":{\"name\":\"Tiziano Beneggi\",\"@id\":\"https:\\\/\\\/beneggiassociati.com\\\/en\\\/#\\\/schema\\\/person\\\/828daacfa37b359e89e981f920072004\"},\"headline\":\"Decreto sostegni bis: aiuti, lavoro, imprese\",\"datePublished\":\"2021-05-21T15:43:00+00:00\",\"mainEntityOfPage\":{\"@id\":\"https:\\\/\\\/beneggiassociati.com\\\/en\\\/decreto-sostegni-bis-aiuti-lavoro-imprese\\\/\"},\"wordCount\":1434,\"commentCount\":0,\"publisher\":{\"@id\":\"https:\\\/\\\/beneggiassociati.com\\\/en\\\/#organization\"},\"image\":{\"@id\":\"https:\\\/\\\/beneggiassociati.com\\\/en\\\/decreto-sostegni-bis-aiuti-lavoro-imprese\\\/#primaryimage\"},\"thumbnailUrl\":\"https:\\\/\\\/beneggiassociati.com\\\/wp-content\\\/uploads\\\/2025\\\/07\\\/single-post-beneggi.jpg\",\"articleSection\":[\"ARCHIVIO\"],\"inLanguage\":\"en-US\"},{\"@type\":\"WebPage\",\"@id\":\"https:\\\/\\\/beneggiassociati.com\\\/en\\\/decreto-sostegni-bis-aiuti-lavoro-imprese\\\/\",\"url\":\"https:\\\/\\\/beneggiassociati.com\\\/en\\\/decreto-sostegni-bis-aiuti-lavoro-imprese\\\/\",\"name\":\"Decreto sostegni bis: aiuti, lavoro, imprese - Beneggi &amp; Associati\",\"isPartOf\":{\"@id\":\"https:\\\/\\\/beneggiassociati.com\\\/en\\\/#website\"},\"primaryImageOfPage\":{\"@id\":\"https:\\\/\\\/beneggiassociati.com\\\/en\\\/decreto-sostegni-bis-aiuti-lavoro-imprese\\\/#primaryimage\"},\"image\":{\"@id\":\"https:\\\/\\\/beneggiassociati.com\\\/en\\\/decreto-sostegni-bis-aiuti-lavoro-imprese\\\/#primaryimage\"},\"thumbnailUrl\":\"https:\\\/\\\/beneggiassociati.com\\\/wp-content\\\/uploads\\\/2025\\\/07\\\/single-post-beneggi.jpg\",\"datePublished\":\"2021-05-21T15:43:00+00:00\",\"description\":\"&nbsp; Il Consiglio dei Ministri ha approvato un decreto-legge che introduce misure urgenti connesse all\u2019emergenza da COVID-19, per le imprese, il lavoro,\",\"breadcrumb\":{\"@id\":\"https:\\\/\\\/beneggiassociati.com\\\/en\\\/decreto-sostegni-bis-aiuti-lavoro-imprese\\\/#breadcrumb\"},\"inLanguage\":\"en-US\",\"potentialAction\":[{\"@type\":\"ReadAction\",\"target\":[\"https:\\\/\\\/beneggiassociati.com\\\/en\\\/decreto-sostegni-bis-aiuti-lavoro-imprese\\\/\"]}]},{\"@type\":\"ImageObject\",\"inLanguage\":\"en-US\",\"@id\":\"https:\\\/\\\/beneggiassociati.com\\\/en\\\/decreto-sostegni-bis-aiuti-lavoro-imprese\\\/#primaryimage\",\"url\":\"https:\\\/\\\/beneggiassociati.com\\\/wp-content\\\/uploads\\\/2025\\\/07\\\/single-post-beneggi.jpg\",\"contentUrl\":\"https:\\\/\\\/beneggiassociati.com\\\/wp-content\\\/uploads\\\/2025\\\/07\\\/single-post-beneggi.jpg\",\"width\":1280,\"height\":823},{\"@type\":\"BreadcrumbList\",\"@id\":\"https:\\\/\\\/beneggiassociati.com\\\/en\\\/decreto-sostegni-bis-aiuti-lavoro-imprese\\\/#breadcrumb\",\"itemListElement\":[{\"@type\":\"ListItem\",\"position\":1,\"name\":\"Home\",\"item\":\"https:\\\/\\\/beneggiassociati.com\\\/en\\\/?page_id=24163\"},{\"@type\":\"ListItem\",\"position\":2,\"name\":\"Decreto sostegni bis: aiuti, lavoro, imprese\"}]},{\"@type\":\"WebSite\",\"@id\":\"https:\\\/\\\/beneggiassociati.com\\\/en\\\/#website\",\"url\":\"https:\\\/\\\/beneggiassociati.com\\\/en\\\/\",\"name\":\"Beneggi e associati\",\"description\":\"\",\"publisher\":{\"@id\":\"https:\\\/\\\/beneggiassociati.com\\\/en\\\/#organization\"},\"potentialAction\":[{\"@type\":\"SearchAction\",\"target\":{\"@type\":\"EntryPoint\",\"urlTemplate\":\"https:\\\/\\\/beneggiassociati.com\\\/en\\\/?s={search_term_string}\"},\"query-input\":{\"@type\":\"PropertyValueSpecification\",\"valueRequired\":true,\"valueName\":\"search_term_string\"}}],\"inLanguage\":\"en-US\"},{\"@type\":\"Organization\",\"@id\":\"https:\\\/\\\/beneggiassociati.com\\\/en\\\/#organization\",\"name\":\"Beneggi e associati\",\"url\":\"https:\\\/\\\/beneggiassociati.com\\\/en\\\/\",\"logo\":{\"@type\":\"ImageObject\",\"inLanguage\":\"en-US\",\"@id\":\"https:\\\/\\\/beneggiassociati.com\\\/en\\\/#\\\/schema\\\/logo\\\/image\\\/\",\"url\":\"https:\\\/\\\/beneggiassociati.com\\\/wp-content\\\/uploads\\\/2025\\\/07\\\/beneggi-logo.png\",\"contentUrl\":\"https:\\\/\\\/beneggiassociati.com\\\/wp-content\\\/uploads\\\/2025\\\/07\\\/beneggi-logo.png\",\"width\":141,\"height\":87,\"caption\":\"Beneggi e associati\"},\"image\":{\"@id\":\"https:\\\/\\\/beneggiassociati.com\\\/en\\\/#\\\/schema\\\/logo\\\/image\\\/\"}},{\"@type\":\"Person\",\"@id\":\"https:\\\/\\\/beneggiassociati.com\\\/en\\\/#\\\/schema\\\/person\\\/828daacfa37b359e89e981f920072004\",\"name\":\"Tiziano Beneggi\",\"url\":\"https:\\\/\\\/beneggiassociati.com\\\/en\\\/author\\\/tizianobeneggiassociati-com\\\/\"}]}<\/script>\n<!-- \/ Yoast SEO plugin. -->","yoast_head_json":{"title":"Decreto sostegni bis: aiuti, lavoro, imprese - Beneggi &amp; Associati","description":"&nbsp; Il Consiglio dei Ministri ha approvato un decreto-legge che introduce misure urgenti connesse all\u2019emergenza da COVID-19, per le imprese, il lavoro,","robots":{"index":"index","follow":"follow","max-snippet":"max-snippet:-1","max-image-preview":"max-image-preview:large","max-video-preview":"max-video-preview:-1"},"canonical":"https:\/\/beneggiassociati.com\/en\/decreto-sostegni-bis-aiuti-lavoro-imprese\/","og_locale":"en_US","og_type":"article","og_title":"Decreto sostegni bis: aiuti, lavoro, imprese - Beneggi &amp; Associati","og_description":"&nbsp; Il Consiglio dei Ministri ha approvato un decreto-legge che introduce misure urgenti connesse all\u2019emergenza da COVID-19, per le imprese, il lavoro,","og_url":"https:\/\/beneggiassociati.com\/en\/decreto-sostegni-bis-aiuti-lavoro-imprese\/","og_site_name":"Beneggi &amp; Associati","article_published_time":"2021-05-21T15:43:00+00:00","og_image":[{"width":1280,"height":823,"url":"https:\/\/beneggiassociati.com\/wp-content\/uploads\/2025\/07\/single-post-beneggi.jpg","type":"image\/jpeg"}],"author":"Tiziano Beneggi","twitter_card":"summary_large_image","twitter_misc":{"Written by":"Tiziano Beneggi","Est. reading time":"7 minutes"},"schema":{"@context":"https:\/\/schema.org","@graph":[{"@type":"Article","@id":"https:\/\/beneggiassociati.com\/en\/decreto-sostegni-bis-aiuti-lavoro-imprese\/#article","isPartOf":{"@id":"https:\/\/beneggiassociati.com\/en\/decreto-sostegni-bis-aiuti-lavoro-imprese\/"},"author":{"name":"Tiziano Beneggi","@id":"https:\/\/beneggiassociati.com\/en\/#\/schema\/person\/828daacfa37b359e89e981f920072004"},"headline":"Decreto sostegni bis: aiuti, lavoro, imprese","datePublished":"2021-05-21T15:43:00+00:00","mainEntityOfPage":{"@id":"https:\/\/beneggiassociati.com\/en\/decreto-sostegni-bis-aiuti-lavoro-imprese\/"},"wordCount":1434,"commentCount":0,"publisher":{"@id":"https:\/\/beneggiassociati.com\/en\/#organization"},"image":{"@id":"https:\/\/beneggiassociati.com\/en\/decreto-sostegni-bis-aiuti-lavoro-imprese\/#primaryimage"},"thumbnailUrl":"https:\/\/beneggiassociati.com\/wp-content\/uploads\/2025\/07\/single-post-beneggi.jpg","articleSection":["ARCHIVIO"],"inLanguage":"en-US"},{"@type":"WebPage","@id":"https:\/\/beneggiassociati.com\/en\/decreto-sostegni-bis-aiuti-lavoro-imprese\/","url":"https:\/\/beneggiassociati.com\/en\/decreto-sostegni-bis-aiuti-lavoro-imprese\/","name":"Decreto sostegni bis: aiuti, lavoro, imprese - Beneggi &amp; Associati","isPartOf":{"@id":"https:\/\/beneggiassociati.com\/en\/#website"},"primaryImageOfPage":{"@id":"https:\/\/beneggiassociati.com\/en\/decreto-sostegni-bis-aiuti-lavoro-imprese\/#primaryimage"},"image":{"@id":"https:\/\/beneggiassociati.com\/en\/decreto-sostegni-bis-aiuti-lavoro-imprese\/#primaryimage"},"thumbnailUrl":"https:\/\/beneggiassociati.com\/wp-content\/uploads\/2025\/07\/single-post-beneggi.jpg","datePublished":"2021-05-21T15:43:00+00:00","description":"&nbsp; Il Consiglio dei Ministri ha approvato un decreto-legge che introduce misure urgenti connesse all\u2019emergenza da COVID-19, per le imprese, il lavoro,","breadcrumb":{"@id":"https:\/\/beneggiassociati.com\/en\/decreto-sostegni-bis-aiuti-lavoro-imprese\/#breadcrumb"},"inLanguage":"en-US","potentialAction":[{"@type":"ReadAction","target":["https:\/\/beneggiassociati.com\/en\/decreto-sostegni-bis-aiuti-lavoro-imprese\/"]}]},{"@type":"ImageObject","inLanguage":"en-US","@id":"https:\/\/beneggiassociati.com\/en\/decreto-sostegni-bis-aiuti-lavoro-imprese\/#primaryimage","url":"https:\/\/beneggiassociati.com\/wp-content\/uploads\/2025\/07\/single-post-beneggi.jpg","contentUrl":"https:\/\/beneggiassociati.com\/wp-content\/uploads\/2025\/07\/single-post-beneggi.jpg","width":1280,"height":823},{"@type":"BreadcrumbList","@id":"https:\/\/beneggiassociati.com\/en\/decreto-sostegni-bis-aiuti-lavoro-imprese\/#breadcrumb","itemListElement":[{"@type":"ListItem","position":1,"name":"Home","item":"https:\/\/beneggiassociati.com\/en\/?page_id=24163"},{"@type":"ListItem","position":2,"name":"Decreto sostegni bis: aiuti, lavoro, imprese"}]},{"@type":"WebSite","@id":"https:\/\/beneggiassociati.com\/en\/#website","url":"https:\/\/beneggiassociati.com\/en\/","name":"Beneggi e associati","description":"","publisher":{"@id":"https:\/\/beneggiassociati.com\/en\/#organization"},"potentialAction":[{"@type":"SearchAction","target":{"@type":"EntryPoint","urlTemplate":"https:\/\/beneggiassociati.com\/en\/?s={search_term_string}"},"query-input":{"@type":"PropertyValueSpecification","valueRequired":true,"valueName":"search_term_string"}}],"inLanguage":"en-US"},{"@type":"Organization","@id":"https:\/\/beneggiassociati.com\/en\/#organization","name":"Beneggi e associati","url":"https:\/\/beneggiassociati.com\/en\/","logo":{"@type":"ImageObject","inLanguage":"en-US","@id":"https:\/\/beneggiassociati.com\/en\/#\/schema\/logo\/image\/","url":"https:\/\/beneggiassociati.com\/wp-content\/uploads\/2025\/07\/beneggi-logo.png","contentUrl":"https:\/\/beneggiassociati.com\/wp-content\/uploads\/2025\/07\/beneggi-logo.png","width":141,"height":87,"caption":"Beneggi e associati"},"image":{"@id":"https:\/\/beneggiassociati.com\/en\/#\/schema\/logo\/image\/"}},{"@type":"Person","@id":"https:\/\/beneggiassociati.com\/en\/#\/schema\/person\/828daacfa37b359e89e981f920072004","name":"Tiziano Beneggi","url":"https:\/\/beneggiassociati.com\/en\/author\/tizianobeneggiassociati-com\/"}]}},"_links":{"self":[{"href":"https:\/\/beneggiassociati.com\/en\/wp-json\/wp\/v2\/posts\/17695","targetHints":{"allow":["GET"]}}],"collection":[{"href":"https:\/\/beneggiassociati.com\/en\/wp-json\/wp\/v2\/posts"}],"about":[{"href":"https:\/\/beneggiassociati.com\/en\/wp-json\/wp\/v2\/types\/post"}],"author":[{"embeddable":true,"href":"https:\/\/beneggiassociati.com\/en\/wp-json\/wp\/v2\/users\/4"}],"replies":[{"embeddable":true,"href":"https:\/\/beneggiassociati.com\/en\/wp-json\/wp\/v2\/comments?post=17695"}],"version-history":[{"count":0,"href":"https:\/\/beneggiassociati.com\/en\/wp-json\/wp\/v2\/posts\/17695\/revisions"}],"wp:featuredmedia":[{"embeddable":true,"href":"https:\/\/beneggiassociati.com\/en\/wp-json\/wp\/v2\/media\/409"}],"wp:attachment":[{"href":"https:\/\/beneggiassociati.com\/en\/wp-json\/wp\/v2\/media?parent=17695"}],"wp:term":[{"taxonomy":"category","embeddable":true,"href":"https:\/\/beneggiassociati.com\/en\/wp-json\/wp\/v2\/categories?post=17695"},{"taxonomy":"post_tag","embeddable":true,"href":"https:\/\/beneggiassociati.com\/en\/wp-json\/wp\/v2\/tags?post=17695"}],"curies":[{"name":"wp","href":"https:\/\/api.w.org\/{rel}","templated":true}]}}