{"id":17940,"date":"2022-02-05T21:45:00","date_gmt":"2022-02-05T20:45:00","guid":{"rendered":"https:\/\/dev.beneggiassociati.com\/2022\/02\/05\/ammortizzatori-sociali-2022-tutte-le-novita-della-riforma\/"},"modified":"2022-02-05T21:45:00","modified_gmt":"2022-02-05T20:45:00","slug":"ammortizzatori-sociali-2022-tutte-le-novita-della-riforma","status":"publish","type":"post","link":"https:\/\/beneggiassociati.com\/en\/ammortizzatori-sociali-2022-tutte-le-novita-della-riforma\/","title":{"rendered":"Ammortizzatori sociali 2022, tutte le novit\u00e0 della Riforma"},"content":{"rendered":"<p>&nbsp;<\/p>\n<p>La\u00a0Legge di Bilancio 2022\u00a0e il\u00a0Decreto Sostegni Ter\u00a0hanno previsto una riforma con\u00a0semplificazione\u00a0degli ammortizzatori sociali 2022 e un\u00a0allargamento\u00a0della platea di destinatari.<\/p>\n<p>&nbsp;<\/p>\n<p>E\u2019 stata introdotta l\u2019estensione degli ammortizzatori a imprese sotto i 5 dipendenti, la CIGS per tutti datori lavoro con pi\u00f9 di 15 dipendenti a prescindere dal settore, trattamenti di integrazione salariale per alcune specifiche categorie e altre novit\u00e0 su\u00a0NASpI\u00a0e\u00a0Dis-Coll.<\/p>\n<p>&nbsp;<\/p>\n<p>L\u2019INPS chiarisce che le modifiche apportate producono\u00a0effetti\u00a0sulle richieste di trattamenti per i quali l\u2019inizio della riduzione o sospensione dell\u2019attivit\u00e0 lavorativa si colloca\u00a0a partire dal 1\u00b0 gennaio 2022.\u00a0Pertanto, la nuova norma non trova applicazione con riferimento alle richieste aventi ad oggetto periodi pluri mensili, a cavallo degli anni 2021-2022. Ovvero, i periodi in cui la riduzione o sospensione dell\u2019attivit\u00e0 lavorativa sia iniziata nel corso dell\u2019anno 2021, ancorch\u00e9 successivamente proseguita nel 2022.<\/p>\n<p>&nbsp;<\/p>\n<p>Il Decreto Sostegni Ter consente ai datori di lavoro operanti nei settori specificatamente individuati \u2013 che sospendono o riducono l\u2019attivit\u00e0 lavorativa nel periodo dal 1\u00b0 gennaio 2022 al 31 marzo 2022 di richiedere l\u2019accesso ai trattamenti di integrazione salariale senza obbligo di versamento del contributo addizionale. Rientrano esclusivamente i datori di lavoro appartenenti ai settori del\u00a0Turismo,\u00a0della\u00a0Ristorazione,\u00a0e dei\u00a0Parchi divertimenti\u00a0e\u00a0Parchi tematici,\u00a0degli\u00a0Stabilimenti termali,\u00a0delle\u00a0Attivit\u00e0 ricreative\u00a0e delle altre attivit\u00e0 \u2013 identificati secondo la classificazione delle attivit\u00e0 economiche\u00a0ATECO 2007\u00a0\u2013 secondo i codici di seguito indicati:<\/p>\n<ul>\n<li>Turismo-\u00a0Alloggio:\u00a055.10\u00a0e\u00a055.20;<\/li>\n<li>Agenzie e tour operator:\u00a079.1, 79.11, 79.12\u00a0e\u00a079.90;<\/li>\n<li>Ristorazione \u2013 Ristorazione su treni e navi:\u00a056.10.5;<\/li>\n<li>Catering per eventi, banqueting:\u00a056.21.0;<\/li>\n<li>Mense e catering continuativo su base contrattuale:\u00a056,29;<\/li>\n<li>Bar e altri esercizi simili senza cucina:\u00a056.30;<\/li>\n<li>Ristorazione con somministrazione:\u00a056.10.1;<\/li>\n<li>Parchi divertimenti e parchi tematici:\u00a093.21;<\/li>\n<li>Stabilimenti termali:\u00a096.04.20;<\/li>\n<li>Attivit\u00e0 ricreative \u2013 Discoteche, sale da ballo night-club e simili:\u00a093.29.1;<\/li>\n<li>Sale giochi e biliardi:\u00a093.29.3;<\/li>\n<li>Altre attivit\u00e0 di intrattenimento e divertimento (sale bingo):\u00a093.29.9;<\/li>\n<li>Altre attivit\u00e0 \u2013\u00a0 Traporto terrestre di passeggeri in aree urbane e suburbane e altre attivit\u00e0 di trasporti terrestri di passeggeri nca:\u00a049.31\u00a0e\u00a049.39.9;<\/li>\n<li>Gestione di stazioni per autobus:\u00a052.21.30;<\/li>\n<li>Gestioni di funicolari, ski-lift e seggiovie se non facenti parte dei sistemi di transito urbano e suburbano:\u00a049.39.01;<\/li>\n<li>Attivit\u00e0 di sevizi radio per radio taxi:\u00a052.21.90;<\/li>\n<li>Musei:\u00a091.02\u00a0e\u00a091.03;<\/li>\n<li>Altre attivit\u00e0 di servizi connessi al trasporto marittimo e per vie d\u2019acqua:\u00a052.22.09;<\/li>\n<li>Attivit\u00e0 dei servizi connessi al trasporto aereo:\u00a052.23.00;<\/li>\n<li>le attivit\u00e0 di distribuzione cinematografica, di video e di programmi televisivi:\u00a059.13.00;<\/li>\n<li>Attivit\u00e0 di proiezione cinematografica:\u00a059.14.00;<\/li>\n<li>Organizzazione di feste e cerimonie:\u00a096.09.05.<\/li>\n<\/ul>\n<p>&nbsp;<\/p>\n<p>Dal 2022, la Cassa integrazione ordinaria viene estesa ai\u00a0lavoratori a domicilio\u00a0e a tutti i\u00a0contratti di apprendistato\u00a0(finora era prevista solo per l\u2019apprendistato professionalizzante). Estesa poi anche ai dipendenti con\u00a0anzianit\u00e0 minima di servizio di 30 giorni.\u00a0Fino al 31 dicembre 2021 erano necessari almeno 90 giorni. Per quanto riguarda la\u00a0CIG durante l\u2019apprendistato, \u00e8 previsto che la sospensione o riduzione dell\u2019orario di lavoro non deve pregiudicare il completamento del percorso formativo. Inoltre, non serve pi\u00f9 la crisi aziendale per prevedere la\u00a0CIGS per gli apprendisti.\u00a0Infine tutte le imprese con almeno un dipendente possono stipulare contratti di solidariet\u00e0.<\/p>\n<p>&nbsp;<\/p>\n<p>L\u2019assegno resta pari all\u201980% della retribuzione\u00a0teoricamente per le ore non lavorate. Per tutti per\u00f2 si applica dal 1\u00b0 gennaio 2022 lo\u00a0scaglione massimo.<\/p>\n<p>&nbsp;<\/p>\n<p>Chi svolge attivit\u00e0 di lavoro durante la CIG, come dipendente o autonomo, per contratti inferiori a 6 mesi sospende la prestazione per la durata fino al suo termine. Per contratti di durata superiore a 6 mesi non avr\u00e0 diritto all\u2019ammortizzatore per le giornate di lavoro effettuate.<\/p>\n<p>&nbsp;<\/p>\n<p>Viene introdotto un\u00a0meccanismo premiale\u00a0per quelle che utilizzano meno la Cassa integrazione ordinaria. Dal 2025, il contributo per chi la chiede senza averla utilizzata per almeno 24 mesi, \u00e8:<\/p>\n<ul>\n<li>ridotto al 6% rispetto all\u2019attuale 9%\u00a0della retribuzione globale fino a 52 settimane in un quinquennio mobile;<\/li>\n<li>abbassato al 9% rispetto all\u2019attuale 12%,\u00a0fra 52 e 104 settimane.<\/li>\n<\/ul>\n<p>Previsto il\u00a0pagamento diretto INPS\u00a0con l\u2019obbligo del datore di lavoro di trasmettere all\u2019Istituto tutti i dati necessari entro il secondo mese successivo a quello d\u2019integrazione salariale o a 60 giorni dall\u2019autorizzazione.<\/p>\n<p>&nbsp;<\/p>\n<p>La riforma degli ammortizzatori sociali 2022 non coinvolge in modo sensibile la disciplina della CIGO che, quindi, non subisce sostanziali modifiche, n\u00e9 sul fronte normativo, n\u00e9 su quello regolamentare.<\/p>\n<p>Intanto per\u00f2, il\u00a0Decreto Sostegni Ter\u00a0introduce la possibilit\u00e0 che l\u2019esame congiunto per la CIG con le Organizzazioni Sindacali possa svolgersi anche in via telematica. Inoltre, il legislatore introduce la possibilit\u00e0 di organizzare diversamente le competenze territoriali di autorizzazione della cassa integrazione ordinaria in capo all\u2019INPS.<\/p>\n<p>&nbsp;<\/p>\n<p>Gli ammortizzatori sociali vengono estesi alle\u00a0imprese sotto i 5 dipendenti. Dal 1\u00b0 gennaio 2022 l\u2019aliquota di finanziamento del\u00a0Fondo di integrazione salariale\u00a0(FIS, finora pagato dalle imprese con pi\u00f9 di cinque dipendenti) \u00e8 fissata allo 0,50% per i datori di lavoro che, nel semestre precedente la presentazione della domanda, abbiano occupato fino a cinque dipendenti. \u00c8 invece allo 0,80% per i datori di lavoro con pi\u00f9 di 5 dipendenti. Confermato il contributo addizionale pari al 4% della retribuzione persa legato all\u2019utilizzo. A partire\u00a0dal 1\u00b0 gennaio 2025, per i datori di lavoro fino a 5 dipendenti che non abbiano presentato domanda di integrazione salariale per almeno 24 mesi, \u201cdal termine del periodo di fruizione del trattamento\u201d l\u2019aliquota (dello 0,5%) si riduce del 40%.<\/p>\n<p>&nbsp;<\/p>\n<p>Il\u00a0Fondo di integrazione salariale (Fis)\u00a0viene esteso a tutti i datori di lavoro appartenenti a settori e tipologie non rientranti nell\u2019ambito di applicazione della\u00a0Cassa integrazione guadagni ordinaria\u00a0e che non aderiscono a un Fondo di solidariet\u00e0 bilaterale.<\/p>\n<p>&nbsp;<\/p>\n<p>Per settori e imprese non coperte da Cassa integrazione ordinaria vengono previsti\u00a0fondi bilaterali\u00a0che assicurino tutele al rapporto di lavoro. I Fondi di solidariet\u00e0 bilaterali vengono estesi a tutti i datori di lavoro, indipendentemente dal numero di dipendenti. L\u2019importo dell\u2019assegno non pu\u00f2 essere pi\u00f9 basso della cassa integrazione. L\u2019assegno ordinario viene garantito per un massimo di:<\/p>\n<ul>\n<li>13 settimane\u00a0per le imprese fino a 5 dipendenti;<\/li>\n<li>26 settimane\u00a0per le imprese da 6 dipendenti;<\/li>\n<li>15 settimane\u00a0e fino a un massimo di 26 settimane per le imprese con pi\u00f9 di 15 dipendenti.<\/li>\n<\/ul>\n<p>&nbsp;<\/p>\n<p>Per le imprese con pi\u00f9 di 15 dipendenti i Fondi assicureranno anche l\u2019erogazione della\u00a0CIGS.<\/p>\n<p>&nbsp;<\/p>\n<p>Per i Fondi gi\u00e0 costituiti al 31 dicembre 2021, \u00e8 previsto un periodo transitorio per adeguarsi alle nuove disposizioni, entro il 31 dicembre 2022. In caso contrario, i datori di lavoro del relativo settore confluiscono,\u00a0a decorrere dal 1\u00b0 gennaio 2023,\u00a0nel Fondo di integrazione salariale\u00a0(FIS),\u00a0al quale vengono trasferiti i contributi gi\u00e0 versati o comunque dovuti dai medesimi datori di lavoro. Inoltre, i Fondi di solidariet\u00e0 bilaterali di cui all\u2019articolo 26 del\u00a0Decreto Legislativo 14 settembre 2015, n. 148, costituiti nel periodo compreso fra il 1\u00b0 gennaio 2020 e il 31 dicembre 2021, potranno adeguarsi alle nuove disposizioni\u00a0entro il 30 giugno 2023.<\/p>\n<p>&nbsp;<\/p>\n<p>Per i trattamenti relativi a periodi di sospensione o riduzione dell\u2019attivit\u00e0 lavorativa decorrenti dal 1\u00b0 gennaio 2022, si introduce un unico massimale (per l\u2019anno 2021,\u00a0pari a 1.199,72 euro), annualmente rivalutato secondo gli indici ISTAT, che prescinde dalla retribuzione mensile di riferimento dei lavoratori.<\/p>\n<p>&nbsp;<\/p>\n<p>Uno degli istituti maggiormente interessati dal riordino della normativa in materia di ammortizzatori sociali \u00e8 quello della cassa integrazione straordinaria (CIGS).<\/p>\n<p>Per i trattamenti di integrazione salariale relativi a periodi decorrenti dal 1\u00b0 gennaio 2022, la disciplina in materia di CIGS e i relativi obblighi contributivi trovano applicazione con riferimento:<\/p>\n<ul>\n<li>ai datori di lavoro che, nel semestre precedente, abbiano occupato mediamente\u00a0pi\u00f9 di 15 dipendenti\u00a0e che operano in settori non coperti dai Fondi di solidariet\u00e0 bilaterali;<\/li>\n<li>a prescindere dal numero dei dipendenti\u00a0per le imprese del trasporto aereo e di gestione aeroportuale e le societ\u00e0 da queste derivate, le imprese del sistema aeroportuale, nonch\u00e9 i partiti e i movimenti politici e le loro rispettive articolazioni e sezioni territoriali, a condizione che risultino iscritti nel registro di cui all\u2019articolo 4, comma 2, del\u00a0Decreto Legge 28 dicembre 2013, n. 149.<\/li>\n<\/ul>\n<p>&nbsp;<\/p>\n<p>Inoltre, si allarga significativamente la platea dei datori di lavoro rientranti nel campo di applicazione del trattamento straordinario di integrazione salariale in quanto vengono attratti dalla relativa disciplina, in relazione alle dimensioni occupazionali medie semestrali, oltre ai datori di lavoro del settore industriale, anche quelli operanti in tutti gli altri settori in cui non sono stati costituiti Fondi di solidariet\u00e0 bilaterali ai sensi degli articoli 26, 27 e 40 del\u00a0Decreto Legislativo 14 settembre 2015, n. 148.<\/p>\n<p>&nbsp;<\/p>\n<p>Riguardo alle\u00a0causali di intervento, la\u00a0Legge di Bilancio 2022\u00a0amplia la causale di \u201criorganizzazione aziendale\u201d, ricomprendendovi anche i casi in cui le aziende vi ricorrano \u201cper realizzare processi di transizione\u201d che saranno individuati e regolati con Decreto del Ministro del Lavoro e delle Politiche Sociali, sentito il Ministero dello Sviluppo economico. Vengono, altres\u00ec, apportate modifiche alle disposizioni relative al programma di riorganizzazione aziendale, stabilendo che il recupero occupazionale possa essere realizzato anche mediante la riqualificazione professionale dei lavoratori e il potenziamento delle loro competenze.<\/p>\n<p>Anche per la CIGS, il Decreto Sostegni ter interviene su aspetti di tipo regolamentare prevedendo incontri telematici con le Organizzazioni sindacali. Infine, per la Cassa Integrazione Guadagni CIGS la riforma poi stabilisce un\u00a0unico massimale pari a 1.199,72 euro. Aumentano cos\u00ec gli importi di oltre 200 euro per chi ha una\u00a0retribuzione fino a 2.159,48 euro.<\/p>\n<p>&nbsp;<\/p>\n<p>Previsti incentivi all\u2019utilizzo dei contratti di solidariet\u00e0. Per i contratti di solidariet\u00e0 stipulati a decorrere\u00a0dal 1\u00b0 gennaio 2022:<\/p>\n<ul>\n<li>la\u00a0riduzione media oraria\u00a0non pu\u00f2 essere superiore al 80% dell\u2019orario giornaliero, settimane o mensile dei lavoratori interessati al contratto di solidariet\u00e0;<\/li>\n<li>per\u00a0ciascun lavoratore,\u00a0la percentuale di riduzione complessiva dell\u2019orario di lavoro non pu\u00f2 essere superiore al 70% nell\u2019arco dell\u2019intero periodo per il quale il contratto di solidariet\u00e0 \u00e8 stipulato;<\/li>\n<li>la\u00a0percentuale di riduzione complessiva dell\u2019orario di lavoro\u00a0non pu\u00f2 essere superiore al 90% nell\u2019arco dell\u2019intero periodo per il quale il contratto di solidariet\u00e0 \u00e8 stipulato.<\/li>\n<\/ul>\n<p>&nbsp;<\/p>\n<p>Il trattamento retributivo perso va determinato inizialmente non tenendo conto degli aumenti retributivi previsti da contratti collettivi aziendali nel periodo di 6 mesi antecedente la stipula del contratto di solidariet\u00e0. Il trattamento di integrazione salariale \u00e8 ridotto in corrispondenza di eventuali successivi aumenti retributivi intervenuti in sede di contrattazione aziendale.<\/p>\n<p>&nbsp;<\/p>\n<p>Tra le novit\u00e0 della Legge di Bilancio, vi \u00e8 anche il potenziamento del\u00a0contratto di espansione, che prevede l\u2019anticipo pensionistico fino a 5 anni favorendo il turnover. Viene esteso agli anni 2022 e 2023 con una\u00a0soglia minima di 50 dipendenti per l\u2019accesso.\u00a0Prevista inoltre, la cassa integrazione straordinaria per chi non ha accesso alla\u00a0scivolo pensionistico,\u00a0progetti di formazione e un piano di ricambio generazionale con nuove assunzioni.<\/p>\n<p>&nbsp;<\/p>\n<p>Nella Legge di Bilancio 2022 si prevede l\u2019istituzione di un fondo al Ministero del Lavoro per la tutela delle posizioni lavorative nell\u2019ambito della progressiva uscita dalla fase emergenziale, connessa alla crisi epidemiologia, mediante\u00a0interventi in materia di integrazione salariale.<\/p>\n<p>&nbsp;<\/p>\n<p>Arriva nella\u00a0Legge di Bilancio 2022\u00a0l\u2019accordo di transizione occupazionale. Tale novit\u00e0 riguarda le imprese con pi\u00f9 di 15 dipendenti che hanno terminato la CIGS e hanno bisogno di pi\u00f9 tempo per il recupero occupazionale dei lavoratori a rischio esubero. Il Governo ha previsto\u00a0ulteriori 12 mesi,\u00a0previo accordo sindacale sulle azioni finalizzate alla rioccupazione o all\u2019auto impiego. Per tale sistema entrano in gioco le politiche attive. Il lavoratore che non partecipa perder\u00e0 la prestazione di integrazione salariale. Le imprese che assumono i lavoratori avranno un incentivo economico pari al 50% della CIGS residua autorizzata e non fruita.<\/p>\n<p>&nbsp;<\/p>\n<p>A decorrere\u00a0dal 1\u00b0 gennaio 2022\u00a0sono destinatari della NASpI anche gli\u00a0operai agricoli a tempo indeterminato delle cooperative e loro consorzi\u00a0che trasformano, manipolano e commercializzano prodotti agricoli e zootecnici prevalentemente propri o conferiti dai loro soci. Inoltre dal 1\u00b0 gennaio 2022\u00a0non \u00e8 pi\u00f9 possibile beneficiare della NASpI\u00a0nel caso si possano far valere 30 giornate di lavoro effettivo, a prescindere dal minimale contributivo, nei 12 mesi che precedono l\u2019inizio del periodo di disoccupazione. Previsto anche un\u00a0nuovo sistema di decalage.\u00a0Per gli eventi di disoccupazione verificatisi dal 1\u00b0gennaio 2022, la NASpI si riduce del\u00a03% ogni mese\u00a0a decorrere dal 1\u00b0 giorno del 6\u00b0 mese di fruizione, quindi dal 151\u00b0 giorno di indennit\u00e0. Per i beneficiari dell\u2019indennit\u00e0 NASpI che hanno\u00a0compiuto 55 anni di et\u00e0\u00a0alla data di presentazione della domanda di NASpI, la prestazione si riduce nella misura del 3% ogni mese a decorrere dal primo giorno dell\u2019ottavo mese di fruizione, quindi dal 211\u00b0 giorno di indennit\u00e0. Prevista poi anche la\u00a0disoccupazione per i collaboratori autonomi e Co.co.co.<\/p>\n<p>&nbsp;<\/p>\n<p>La Legge di Bilancio 2022 si occupa anche di\u00a0Dis-Coll, precisando che in relazione agli eventi di disoccupazione verificatisi\u00a0dal 1\u00b0gennaio 2022 si riduce del 3% ogni mese\u00a0a decorrere dal 1\u00b0 giorno del 6\u00b0 mese di fruizione. Sar\u00e0 corrisposta mensilmente per un numero di mesi pari ai mesi di contribuzione accreditati nel periodo che va dal 1\u00b0 gennaio dell\u2019anno precedente l\u2019evento di cessazione del lavoro. La Dis-Coll non pu\u00f2 in ogni caso superare la\u00a0durata massima di 12 mesi.<\/p>\n<p>&nbsp;<\/p>\n<p>Il Bilancio 2022 potenzia anche le politiche attive col programma Garanzia di Occupabilit\u00e0 dei Lavoratori (GOL). La norma allarga il programma anche alla riqualificazione e ricollocazione dei\u00a0lavoratori autonomi titolari di partita IVA.\u00a0Tali lavoratori avranno accesso alle misure di assistenza intensiva all\u2019inserimento occupazionale del programma GOL. Rafforzati anche i\u00a0Fondi paritetici interprofessionali.\u00a0Vengono riconosciuti incentivi economici qualora realizzino percorsi formativi proprio in favore dei lavoratori in cassa integrazione.<\/p>\n<p>&nbsp;<\/p>\n<p>Al fine di promuovere interventi diretti a salvaguardare l\u2019occupazione e assicurare la continuit\u00e0 all\u2019esercizio delle attivit\u00e0 imprenditoriali, alle societ\u00e0 cooperative che si costituiscono, dal 1 gennaio 2022 \u00e8 riconosciuto\u00a0l\u2019esonero dal versamento del 100% dei contributi previdenziali\u00a0a carico dei datori di lavoro. Tale esonero vale per un periodo massimo di\u00a024 mesi\u00a0dalla data della costituzione della cooperativa ed \u00e8 previsto nel limite massimo di\u00a06.000 euro su base annua, riparametrato e applicato su base mensile. Sono esclusi dall\u2019esonero i premi e contributi dovuti all\u2019INAIL. Resta ferma l\u2019aliquota di computo delle prestazioni pensionistiche.<\/p>\n<p>&nbsp;<\/p>\n<p>La\u00a0Legge di Bilancio 2022\u00a0prevede il rispetto di termini decadenziali relativi alla trasmissione dei dati necessari per il pagamento dei trattamenti con pagamento diretto. Decorsi inutilmente tali termini, il pagamento della prestazione e gli oneri connessi rimangono a carico del datore di lavoro inadempiente.<\/p>\n<p>&nbsp;<\/p>\n<p>Nei casi di sospensione o riduzione dell\u2019attivit\u00e0 produttiva, l\u2019impresa \u00e8 tenuta a comunicare preventivamente alle rappresentanze sindacali aziendali o alla rappresentanza sindacale unitaria, ove esistenti, nonch\u00e9 alle articolazioni territoriali delle associazioni sindacali comparativamente pi\u00f9 rappresentative a livello nazionale, le cause di sospensione o di riduzione dell\u2019orario di lavoro, l\u2019entit\u00e0 e la durata prevedibile, il numero dei lavoratori interessati. L\u2019INPS nel\u00a0Messaggio n. 606 del 08-02-2022\u00a0ha dato conferma che non \u00e8 necessario dare prova delle comunicazioni avvenute. Ci\u00f2 nei casi in cui le Organizzazioni sindacali, attestino che la procedura prevista sia stata correttamente espletata. Tale dichiarazione dovr\u00e0 essere allegata dai datori di lavoro, in sede di trasmissione delle domande di accesso ai trattamenti richiesti. In assenza, le Strutture territoriali avranno cura di richiederla, attivando il supplemento istruttorio previsto dall\u2019articolo 11 del\u00a0Decreto Ministeriale n. 95442 del 2016.<\/p>\n<p>&nbsp;<\/p>\n<p>Le domande relative ai trattamenti di integrazione salariale riferite a periodi di sospensione o riduzione dell\u2019attivit\u00e0 lavorativa iniziati\u00a0dal 1\u00b0 gennaio 2022 al 7 febbraio 2022\u00a0potranno essere utilmente inviati entro il 23 febbraio 2022.<\/p>\n<p>&nbsp;<\/p>\n<script>\nvar gform;gform||(document.addEventListener(\"gform_main_scripts_loaded\",function(){gform.scriptsLoaded=!0}),document.addEventListener(\"gform\/theme\/scripts_loaded\",function(){gform.themeScriptsLoaded=!0}),window.addEventListener(\"DOMContentLoaded\",function(){gform.domLoaded=!0}),gform={domLoaded:!1,scriptsLoaded:!1,themeScriptsLoaded:!1,isFormEditor:()=>\"function\"==typeof InitializeEditor,callIfLoaded:function(o){return!(!gform.domLoaded||!gform.scriptsLoaded||!gform.themeScriptsLoaded&&!gform.isFormEditor()||(gform.isFormEditor()&&console.warn(\"The use of gform.initializeOnLoaded() is deprecated in the form editor context and will be removed in Gravity Forms 3.1.\"),o(),0))},initializeOnLoaded:function(o){gform.callIfLoaded(o)||(document.addEventListener(\"gform_main_scripts_loaded\",()=>{gform.scriptsLoaded=!0,gform.callIfLoaded(o)}),document.addEventListener(\"gform\/theme\/scripts_loaded\",()=>{gform.themeScriptsLoaded=!0,gform.callIfLoaded(o)}),window.addEventListener(\"DOMContentLoaded\",()=>{gform.domLoaded=!0,gform.callIfLoaded(o)}))},hooks:{action:{},filter:{}},addAction:function(o,r,e,t){gform.addHook(\"action\",o,r,e,t)},addFilter:function(o,r,e,t){gform.addHook(\"filter\",o,r,e,t)},doAction:function(o){gform.doHook(\"action\",o,arguments)},applyFilters:function(o){return gform.doHook(\"filter\",o,arguments)},removeAction:function(o,r){gform.removeHook(\"action\",o,r)},removeFilter:function(o,r,e){gform.removeHook(\"filter\",o,r,e)},addHook:function(o,r,e,t,n){null==gform.hooks[o][r]&&(gform.hooks[o][r]=[]);var d=gform.hooks[o][r];null==n&&(n=r+\"_\"+d.length),gform.hooks[o][r].push({tag:n,callable:e,priority:t=null==t?10:t})},doHook:function(r,o,e){var t;if(e=Array.prototype.slice.call(e,1),null!=gform.hooks[r][o]&&((o=gform.hooks[r][o]).sort(function(o,r){return o.priority-r.priority}),o.forEach(function(o){\"function\"!=typeof(t=o.callable)&&(t=window[t]),\"action\"==r?t.apply(null,e):e[0]=t.apply(null,e)})),\"filter\"==r)return e[0]},removeHook:function(o,r,t,n){var e;null!=gform.hooks[o][r]&&(e=(e=gform.hooks[o][r]).filter(function(o,r,e){return!!(null!=n&&n!=o.tag||null!=t&&t!=o.priority)}),gform.hooks[o][r]=e)}});\n<\/script>\n\n                <div class='gf_browser_gecko gform_wrapper gravity-theme gform-theme--no-framework' data-form-theme='gravity-theme' data-form-index='0' id='gform_wrapper_1' ><div id='gf_1' class='gform_anchor' tabindex='-1'><\/div>\n                        <div class='gform_heading'>\n                            <h2 class=\"gform_title\">Contatti (generale)<\/h2>\n                            <p class='gform_description'><\/p>\n\t\t\t\t\t\t\t<p class='gform_required_legend'>&quot;<span class=\"gfield_required gfield_required_asterisk\">*<\/span>&quot; indicates required fields<\/p>\n                        <\/div><form method='post' enctype='multipart\/form-data' target='gform_ajax_frame_1' id='gform_1'  action='\/en\/wp-json\/wp\/v2\/posts\/17940#gf_1' data-formid='1' novalidate>\n                        <div class='gform-body gform_body'><div id='gform_fields_1' class='gform_fields top_label form_sublabel_below description_below validation_below'><div id=\"field_1_9\" class=\"gfield gfield--type-honeypot gform_validation_container field_sublabel_below gfield--has-description field_description_below field_validation_below gfield_visibility_visible\"  ><label class='gfield_label gform-field-label' for='input_1_9'>LinkedIn<\/label><div class='ginput_container'><input name='input_9' id='input_1_9' type='text' value='' autocomplete='new-password'\/><\/div><div class='gfield_description' id='gfield_description_1_9'>This field is for validation purposes and should be left unchanged.<\/div><\/div><fieldset id=\"field_1_2\" class=\"gfield gfield--type-name gfield--input-type-name gfield_contains_required field_sublabel_below gfield--no-description field_description_below field_validation_below gfield_visibility_visible\"  ><legend class='gfield_label gform-field-label gfield_label_before_complex' >Nome e cognome<span class=\"gfield_required\"><span class=\"gfield_required gfield_required_asterisk\">*<\/span><\/span><\/legend><div class='ginput_complex ginput_container ginput_container--name no_prefix has_first_name no_middle_name has_last_name no_suffix gf_name_has_2 ginput_container_name gform-grid-row' id='input_1_2'>\n                            \n                            <span id='input_1_2_3_container' class='name_first gform-grid-col gform-grid-col--size-auto' >\n                                                    <input type='text' name='input_2.3' id='input_1_2_3' value=''   aria-required='true'     \/>\n                                                    <label for='input_1_2_3' class='gform-field-label gform-field-label--type-sub '>First<\/label>\n                                                <\/span>\n                            \n                            <span id='input_1_2_6_container' class='name_last gform-grid-col gform-grid-col--size-auto' >\n                                                    <input type='text' name='input_2.6' id='input_1_2_6' value=''   aria-required='true'     \/>\n                                                    <label for='input_1_2_6' class='gform-field-label gform-field-label--type-sub '>Last<\/label>\n                                                <\/span>\n                            \n                        <\/div><\/fieldset><div id=\"field_1_3\" class=\"gfield gfield--type-email gfield--input-type-email gfield--width-half gfield_contains_required field_sublabel_below gfield--no-description field_description_below field_validation_below gfield_visibility_visible\"  ><label class='gfield_label gform-field-label' for='input_1_3'>Email<span class=\"gfield_required\"><span class=\"gfield_required gfield_required_asterisk\">*<\/span><\/span><\/label><div class='ginput_container ginput_container_email'>\n                            <input name='input_3' id='input_1_3' type='email' value='' class='large'    aria-required=\"true\" aria-invalid=\"false\"  \/>\n                        <\/div><\/div><div id=\"field_1_4\" class=\"gfield gfield--type-phone gfield--input-type-phone gfield--width-half gfield_contains_required field_sublabel_below gfield--no-description field_description_below field_validation_below gfield_visibility_visible\"  ><label class='gfield_label gform-field-label' for='input_1_4'>Telefono<span class=\"gfield_required\"><span class=\"gfield_required gfield_required_asterisk\">*<\/span><\/span><\/label><div class='ginput_container ginput_container_phone'><input name='input_4' id='input_1_4' type='tel' value='' class='large'   aria-required=\"true\" aria-invalid=\"false\"   \/><\/div><\/div><div id=\"field_1_5\" class=\"gfield gfield--type-textarea gfield--input-type-textarea gfield_contains_required field_sublabel_below gfield--no-description field_description_below field_validation_below gfield_visibility_visible\"  ><label class='gfield_label gform-field-label' for='input_1_5'>Messaggio<span class=\"gfield_required\"><span class=\"gfield_required gfield_required_asterisk\">*<\/span><\/span><\/label><div class='ginput_container ginput_container_textarea'><textarea name='input_5' id='input_1_5' class='textarea medium'     aria-required=\"true\" aria-invalid=\"false\"   rows='10' cols='50'><\/textarea><\/div><\/div><fieldset id=\"field_1_6\" class=\"gfield gfield--type-consent gfield--type-choice gfield--input-type-consent gfield_contains_required field_sublabel_below gfield--no-description field_description_below field_validation_below gfield_visibility_visible\"  ><legend class='gfield_label gform-field-label gfield_label_before_complex' >Consenso<span class=\"gfield_required\"><span class=\"gfield_required gfield_required_asterisk\">*<\/span><\/span><\/legend><div class='ginput_container ginput_container_consent'><input name='input_6.1' id='input_1_6_1' type='checkbox' value='1'   aria-required=\"true\" aria-invalid=\"false\"   \/> <label class=\"gform-field-label gform-field-label--type-inline gfield_consent_label\" for='input_1_6_1' >Dichiaro di aver letto e accettato la <a href=\"https:\/\/beneggiassociati.com\/privacy-policy\/\">Privacy Policy<\/a>.<\/label><input type='hidden' name='input_6.2' value='Dichiaro di aver letto e accettato la &lt;a href=&quot;https:\/\/beneggiassociati.com\/privacy-policy\/&quot;&gt;Privacy Policy&lt;\/a&gt;.' class='gform_hidden' \/><input type='hidden' name='input_6.3' value='1' class='gform_hidden' \/><\/div><\/fieldset><div id=\"field_1_8\" class=\"gfield gfield--type-captcha gfield--input-type-captcha gfield--width-full field_sublabel_below gfield--no-description field_description_below hidden_label field_validation_below gfield_visibility_visible\"  ><label class='gfield_label gform-field-label' for='input_1_8'>CAPTCHA<\/label><div id='input_1_8' class='ginput_container ginput_recaptcha' data-sitekey='6LeCfQQsAAAAAByqpxdUINetUndsd53yS2n943_t'  data-theme='light' data-tabindex='-1' data-size='invisible' data-badge='bottomright'><\/div><\/div><\/div><\/div>\n        <div class='gform-footer gform_footer top_label'> <input type='submit' id='gform_submit_button_1' class='gform_button button' onclick='gform.submission.handleButtonClick(this);' data-submission-type='submit' value='Invia'  \/> <input type='hidden' name='gform_ajax' value='form_id=1&amp;title=1&amp;description=1&amp;tabindex=0&amp;theme=gravity-theme&amp;styles=[]&amp;hash=effc56ce4357e85eb4568acc137abee8' \/><input type='hidden' class='gform_hidden' name='gform_submission_speeds' value='{&quot;pages&quot;:[]}' \/>\n            <input type='hidden' class='gform_hidden' name='gform_submission_method' data-js='gform_submission_method_1' value='iframe' \/>\n            <input type='hidden' class='gform_hidden' name='gform_theme' data-js='gform_theme_1' id='gform_theme_1' value='gravity-theme' \/>\n            <input type='hidden' class='gform_hidden' name='gform_style_settings' data-js='gform_style_settings_1' id='gform_style_settings_1' value='[]' \/>\n            <input type='hidden' class='gform_hidden' name='is_submit_1' value='1' \/>\n            <input type='hidden' class='gform_hidden' name='gform_submit' value='1' \/>\n            \n            <input type='hidden' class='gform_hidden' name='gform_currency' data-currency='EUR' value='VKep1WI+gdlXcQw\/gdyk7kBFwv+XclDRQgJylR0prEsxAGb5PTO07lZCS+BoydOv+oMdjUjOlCpniGSim6hwmKt2Ag3xcRge0haVFMImtUY32JI=' \/>\n            <input type='hidden' class='gform_hidden' name='gform_unique_id' value='' \/>\n            <input type='hidden' class='gform_hidden' name='state_1' value='WyJ7XCI2LjFcIjpcImNjYmZkMDY4ODAwODZiM2FkNTZiMGFmZjdjZGY2YjU0XCIsXCI2LjJcIjpcIjE2NDY5MmM1NTUzOWVlZjliY2EwMWM1ZTI3ZGMzNmUyXCIsXCI2LjNcIjpcImNjYmZkMDY4ODAwODZiM2FkNTZiMGFmZjdjZGY2YjU0XCJ9IiwiM2MyYmNmOTM4ZDUxYjllMWE5Y2VlZmQzZThmYzhkNjYiXQ==' \/>\n            <input type='hidden' autocomplete='off' class='gform_hidden' name='gform_target_page_number_1' id='gform_target_page_number_1' value='0' \/>\n            <input type='hidden' autocomplete='off' class='gform_hidden' name='gform_source_page_number_1' id='gform_source_page_number_1' value='1' \/>\n            <input type='hidden' name='gform_field_values' value='' \/>\n            \n        <\/div>\n                        <\/form>\n                        <\/div>\n\t\t                <iframe style='display:none;width:0px;height:0px;' src='about:blank' name='gform_ajax_frame_1' id='gform_ajax_frame_1' title='This iframe contains the logic required to handle Ajax powered Gravity Forms.'><\/iframe>\n\t\t                <script>\ngform.initializeOnLoaded( function() {gformInitSpinner( 1, 'https:\/\/beneggiassociati.com\/wp-content\/plugins\/gravityforms\/images\/spinner.svg', true );jQuery('#gform_ajax_frame_1').on('load',function(){var contents = jQuery(this).contents().find('*').html();var is_postback = contents.indexOf('GF_AJAX_POSTBACK') >= 0;if(!is_postback){return;}var form_content = jQuery(this).contents().find('#gform_wrapper_1');var is_confirmation = jQuery(this).contents().find('#gform_confirmation_wrapper_1').length > 0;var is_redirect = contents.indexOf('gformRedirect(){') >= 0;var is_form = form_content.length > 0 && ! is_redirect && ! is_confirmation;var mt = parseInt(jQuery('html').css('margin-top'), 10) + parseInt(jQuery('body').css('margin-top'), 10) + 100;if(is_form){jQuery('#gform_wrapper_1').html(form_content.html());if(form_content.hasClass('gform_validation_error')){jQuery('#gform_wrapper_1').addClass('gform_validation_error');} else {jQuery('#gform_wrapper_1').removeClass('gform_validation_error');}setTimeout( function() { \/* delay the scroll by 50 milliseconds to fix a bug in chrome *\/ jQuery(document).scrollTop(jQuery('#gform_wrapper_1').offset().top - mt); }, 50 );if(window['gformInitDatepicker']) {gformInitDatepicker();}if(window['gformInitPriceFields']) {gformInitPriceFields();}var current_page = jQuery('#gform_source_page_number_1').val();gformInitSpinner( 1, 'https:\/\/beneggiassociati.com\/wp-content\/plugins\/gravityforms\/images\/spinner.svg', true );jQuery(document).trigger('gform_page_loaded', [1, current_page]);window['gf_submitting_1'] = false;}else if(!is_redirect){var confirmation_content = jQuery(this).contents().find('.GF_AJAX_POSTBACK').html();if(!confirmation_content){confirmation_content = contents;}jQuery('#gform_wrapper_1').replaceWith(confirmation_content);jQuery(document).scrollTop(jQuery('#gf_1').offset().top - mt);jQuery(document).trigger('gform_confirmation_loaded', [1]);window['gf_submitting_1'] = false;wp.a11y.speak(jQuery('#gform_confirmation_message_1').text());}else{jQuery('#gform_1').append(contents);if(window['gformRedirect']) {gformRedirect();}}jQuery(document).trigger(\"gform_pre_post_render\", [{ formId: \"1\", currentPage: \"current_page\", abort: function() { this.preventDefault(); } }]);        if (event && event.defaultPrevented) {                return;        }        const gformWrapperDiv = document.getElementById( \"gform_wrapper_1\" );        if ( gformWrapperDiv ) {            const visibilitySpan = document.createElement( \"span\" );            visibilitySpan.id = \"gform_visibility_test_1\";            gformWrapperDiv.insertAdjacentElement( \"afterend\", visibilitySpan );        }        const visibilityTestDiv = document.getElementById( \"gform_visibility_test_1\" );        let postRenderFired = false;        function triggerPostRender() {            if ( postRenderFired ) {                return;            }            postRenderFired = true;            gform.core.triggerPostRenderEvents( 1, current_page );            if ( visibilityTestDiv ) {                visibilityTestDiv.parentNode.removeChild( visibilityTestDiv );            }        }        function debounce( func, wait, immediate ) {            var timeout;            return function() {                var context = this, args = arguments;                var later = function() {                    timeout = null;                    if ( !immediate ) func.apply( context, args );                };                var callNow = immediate && !timeout;                clearTimeout( timeout );                timeout = setTimeout( later, wait );                if ( callNow ) func.apply( context, args );            };        }        const debouncedTriggerPostRender = debounce( function() {            triggerPostRender();        }, 200 );        if ( visibilityTestDiv && visibilityTestDiv.offsetParent === null ) {            const observer = new MutationObserver( ( mutations ) => {                mutations.forEach( ( mutation ) => {                    if ( mutation.type === 'attributes' && visibilityTestDiv.offsetParent !== null ) {                        debouncedTriggerPostRender();                        observer.disconnect();                    }                });            });            observer.observe( document.body, {                attributes: true,                childList: false,                subtree: true,                attributeFilter: [ 'style', 'class' ],            });        } else {            triggerPostRender();        }    } );} );\n<\/script>\n\n<p>&nbsp;<\/p>\n<p><u>Un supporto per le imprese, startup e per chi ha\u00a0un\u2019idea di business da sviluppare.<\/u><\/p>\n<p><strong>Richiedi\u00a0un appuntamento per lo sviluppo del tuo business:<\/strong>\u00a0valutiamo la tua idea.<\/p>\n<div id=\"jp-relatedposts\" class=\"jp-relatedposts\"><\/div>\n","protected":false},"excerpt":{"rendered":"<p>&nbsp; La\u00a0Legge di Bilancio 2022\u00a0e il\u00a0Decreto Sostegni Ter\u00a0hanno previsto una riforma con\u00a0semplificazione\u00a0degli ammortizzatori sociali 2022 e un\u00a0allargamento\u00a0della platea di destinatari. &nbsp; E\u2019 stata introdotta l\u2019estensione degli ammortizzatori a imprese sotto i 5 dipendenti, la CIGS per tutti datori lavoro con pi\u00f9 di 15 dipendenti a prescindere dal settore, trattamenti di integrazione salariale per alcune specifiche [&hellip;]<\/p>\n","protected":false},"author":4,"featured_media":409,"comment_status":"open","ping_status":"open","sticky":false,"template":"","format":"standard","meta":{"_acf_changed":false,"content-type":"","footnotes":""},"categories":[16],"tags":[],"class_list":["post-17940","post","type-post","status-publish","format-standard","has-post-thumbnail","hentry","category-archivio"],"acf":[],"yoast_head":"<!-- This site is optimized with the Yoast SEO plugin v27.4 - https:\/\/yoast.com\/product\/yoast-seo-wordpress\/ -->\n<title>Ammortizzatori sociali 2022, tutte le novit\u00e0 della Riforma - Beneggi &amp; Associati<\/title>\n<meta name=\"description\" content=\"&nbsp; La\u00a0Legge di Bilancio 2022\u00a0e il\u00a0Decreto Sostegni Ter\u00a0hanno previsto una riforma con\u00a0semplificazione\u00a0degli ammortizzatori sociali 2022 e\" \/>\n<meta name=\"robots\" content=\"index, follow, max-snippet:-1, max-image-preview:large, max-video-preview:-1\" \/>\n<link rel=\"canonical\" href=\"https:\/\/beneggiassociati.com\/en\/ammortizzatori-sociali-2022-tutte-le-novita-della-riforma\/\" \/>\n<meta property=\"og:locale\" content=\"en_US\" \/>\n<meta property=\"og:type\" content=\"article\" \/>\n<meta property=\"og:title\" content=\"Ammortizzatori sociali 2022, tutte le novit\u00e0 della Riforma - Beneggi &amp; Associati\" \/>\n<meta property=\"og:description\" content=\"&nbsp; La\u00a0Legge di Bilancio 2022\u00a0e il\u00a0Decreto Sostegni Ter\u00a0hanno previsto una riforma con\u00a0semplificazione\u00a0degli ammortizzatori sociali 2022 e\" \/>\n<meta property=\"og:url\" content=\"https:\/\/beneggiassociati.com\/en\/ammortizzatori-sociali-2022-tutte-le-novita-della-riforma\/\" \/>\n<meta property=\"og:site_name\" content=\"Beneggi &amp; Associati\" \/>\n<meta property=\"article:published_time\" content=\"2022-02-05T20:45:00+00:00\" \/>\n<meta property=\"og:image\" content=\"https:\/\/beneggiassociati.com\/wp-content\/uploads\/2025\/07\/single-post-beneggi.jpg\" \/>\n\t<meta property=\"og:image:width\" content=\"1280\" \/>\n\t<meta property=\"og:image:height\" content=\"823\" \/>\n\t<meta property=\"og:image:type\" content=\"image\/jpeg\" \/>\n<meta name=\"author\" content=\"Tiziano Beneggi\" \/>\n<meta name=\"twitter:card\" content=\"summary_large_image\" \/>\n<meta name=\"twitter:label1\" content=\"Written by\" \/>\n\t<meta name=\"twitter:data1\" content=\"Tiziano Beneggi\" \/>\n\t<meta name=\"twitter:label2\" content=\"Est. reading time\" \/>\n\t<meta name=\"twitter:data2\" content=\"12 minutes\" \/>\n<script type=\"application\/ld+json\" class=\"yoast-schema-graph\">{\"@context\":\"https:\\\/\\\/schema.org\",\"@graph\":[{\"@type\":\"Article\",\"@id\":\"https:\\\/\\\/beneggiassociati.com\\\/en\\\/ammortizzatori-sociali-2022-tutte-le-novita-della-riforma\\\/#article\",\"isPartOf\":{\"@id\":\"https:\\\/\\\/beneggiassociati.com\\\/en\\\/ammortizzatori-sociali-2022-tutte-le-novita-della-riforma\\\/\"},\"author\":{\"name\":\"Tiziano Beneggi\",\"@id\":\"https:\\\/\\\/beneggiassociati.com\\\/en\\\/#\\\/schema\\\/person\\\/828daacfa37b359e89e981f920072004\"},\"headline\":\"Ammortizzatori sociali 2022, tutte le novit\u00e0 della Riforma\",\"datePublished\":\"2022-02-05T20:45:00+00:00\",\"mainEntityOfPage\":{\"@id\":\"https:\\\/\\\/beneggiassociati.com\\\/en\\\/ammortizzatori-sociali-2022-tutte-le-novita-della-riforma\\\/\"},\"wordCount\":2470,\"commentCount\":0,\"publisher\":{\"@id\":\"https:\\\/\\\/beneggiassociati.com\\\/en\\\/#organization\"},\"image\":{\"@id\":\"https:\\\/\\\/beneggiassociati.com\\\/en\\\/ammortizzatori-sociali-2022-tutte-le-novita-della-riforma\\\/#primaryimage\"},\"thumbnailUrl\":\"https:\\\/\\\/beneggiassociati.com\\\/wp-content\\\/uploads\\\/2025\\\/07\\\/single-post-beneggi.jpg\",\"articleSection\":[\"ARCHIVIO\"],\"inLanguage\":\"en-US\"},{\"@type\":\"WebPage\",\"@id\":\"https:\\\/\\\/beneggiassociati.com\\\/en\\\/ammortizzatori-sociali-2022-tutte-le-novita-della-riforma\\\/\",\"url\":\"https:\\\/\\\/beneggiassociati.com\\\/en\\\/ammortizzatori-sociali-2022-tutte-le-novita-della-riforma\\\/\",\"name\":\"Ammortizzatori sociali 2022, tutte le novit\u00e0 della Riforma - Beneggi &amp; Associati\",\"isPartOf\":{\"@id\":\"https:\\\/\\\/beneggiassociati.com\\\/en\\\/#website\"},\"primaryImageOfPage\":{\"@id\":\"https:\\\/\\\/beneggiassociati.com\\\/en\\\/ammortizzatori-sociali-2022-tutte-le-novita-della-riforma\\\/#primaryimage\"},\"image\":{\"@id\":\"https:\\\/\\\/beneggiassociati.com\\\/en\\\/ammortizzatori-sociali-2022-tutte-le-novita-della-riforma\\\/#primaryimage\"},\"thumbnailUrl\":\"https:\\\/\\\/beneggiassociati.com\\\/wp-content\\\/uploads\\\/2025\\\/07\\\/single-post-beneggi.jpg\",\"datePublished\":\"2022-02-05T20:45:00+00:00\",\"description\":\"&nbsp; La\u00a0Legge di Bilancio 2022\u00a0e il\u00a0Decreto Sostegni Ter\u00a0hanno previsto una riforma con\u00a0semplificazione\u00a0degli ammortizzatori sociali 2022 e\",\"breadcrumb\":{\"@id\":\"https:\\\/\\\/beneggiassociati.com\\\/en\\\/ammortizzatori-sociali-2022-tutte-le-novita-della-riforma\\\/#breadcrumb\"},\"inLanguage\":\"en-US\",\"potentialAction\":[{\"@type\":\"ReadAction\",\"target\":[\"https:\\\/\\\/beneggiassociati.com\\\/en\\\/ammortizzatori-sociali-2022-tutte-le-novita-della-riforma\\\/\"]}]},{\"@type\":\"ImageObject\",\"inLanguage\":\"en-US\",\"@id\":\"https:\\\/\\\/beneggiassociati.com\\\/en\\\/ammortizzatori-sociali-2022-tutte-le-novita-della-riforma\\\/#primaryimage\",\"url\":\"https:\\\/\\\/beneggiassociati.com\\\/wp-content\\\/uploads\\\/2025\\\/07\\\/single-post-beneggi.jpg\",\"contentUrl\":\"https:\\\/\\\/beneggiassociati.com\\\/wp-content\\\/uploads\\\/2025\\\/07\\\/single-post-beneggi.jpg\",\"width\":1280,\"height\":823},{\"@type\":\"BreadcrumbList\",\"@id\":\"https:\\\/\\\/beneggiassociati.com\\\/en\\\/ammortizzatori-sociali-2022-tutte-le-novita-della-riforma\\\/#breadcrumb\",\"itemListElement\":[{\"@type\":\"ListItem\",\"position\":1,\"name\":\"Home\",\"item\":\"https:\\\/\\\/beneggiassociati.com\\\/en\\\/?page_id=24163\"},{\"@type\":\"ListItem\",\"position\":2,\"name\":\"Ammortizzatori sociali 2022, tutte le novit\u00e0 della Riforma\"}]},{\"@type\":\"WebSite\",\"@id\":\"https:\\\/\\\/beneggiassociati.com\\\/en\\\/#website\",\"url\":\"https:\\\/\\\/beneggiassociati.com\\\/en\\\/\",\"name\":\"Beneggi e associati\",\"description\":\"\",\"publisher\":{\"@id\":\"https:\\\/\\\/beneggiassociati.com\\\/en\\\/#organization\"},\"potentialAction\":[{\"@type\":\"SearchAction\",\"target\":{\"@type\":\"EntryPoint\",\"urlTemplate\":\"https:\\\/\\\/beneggiassociati.com\\\/en\\\/?s={search_term_string}\"},\"query-input\":{\"@type\":\"PropertyValueSpecification\",\"valueRequired\":true,\"valueName\":\"search_term_string\"}}],\"inLanguage\":\"en-US\"},{\"@type\":\"Organization\",\"@id\":\"https:\\\/\\\/beneggiassociati.com\\\/en\\\/#organization\",\"name\":\"Beneggi e associati\",\"url\":\"https:\\\/\\\/beneggiassociati.com\\\/en\\\/\",\"logo\":{\"@type\":\"ImageObject\",\"inLanguage\":\"en-US\",\"@id\":\"https:\\\/\\\/beneggiassociati.com\\\/en\\\/#\\\/schema\\\/logo\\\/image\\\/\",\"url\":\"https:\\\/\\\/beneggiassociati.com\\\/wp-content\\\/uploads\\\/2025\\\/07\\\/beneggi-logo.png\",\"contentUrl\":\"https:\\\/\\\/beneggiassociati.com\\\/wp-content\\\/uploads\\\/2025\\\/07\\\/beneggi-logo.png\",\"width\":141,\"height\":87,\"caption\":\"Beneggi e associati\"},\"image\":{\"@id\":\"https:\\\/\\\/beneggiassociati.com\\\/en\\\/#\\\/schema\\\/logo\\\/image\\\/\"}},{\"@type\":\"Person\",\"@id\":\"https:\\\/\\\/beneggiassociati.com\\\/en\\\/#\\\/schema\\\/person\\\/828daacfa37b359e89e981f920072004\",\"name\":\"Tiziano Beneggi\",\"url\":\"https:\\\/\\\/beneggiassociati.com\\\/en\\\/author\\\/tizianobeneggiassociati-com\\\/\"}]}<\/script>\n<!-- \/ Yoast SEO plugin. -->","yoast_head_json":{"title":"Ammortizzatori sociali 2022, tutte le novit\u00e0 della Riforma - Beneggi &amp; Associati","description":"&nbsp; La\u00a0Legge di Bilancio 2022\u00a0e il\u00a0Decreto Sostegni Ter\u00a0hanno previsto una riforma con\u00a0semplificazione\u00a0degli ammortizzatori sociali 2022 e","robots":{"index":"index","follow":"follow","max-snippet":"max-snippet:-1","max-image-preview":"max-image-preview:large","max-video-preview":"max-video-preview:-1"},"canonical":"https:\/\/beneggiassociati.com\/en\/ammortizzatori-sociali-2022-tutte-le-novita-della-riforma\/","og_locale":"en_US","og_type":"article","og_title":"Ammortizzatori sociali 2022, tutte le novit\u00e0 della Riforma - Beneggi &amp; Associati","og_description":"&nbsp; La\u00a0Legge di Bilancio 2022\u00a0e il\u00a0Decreto Sostegni Ter\u00a0hanno previsto una riforma con\u00a0semplificazione\u00a0degli ammortizzatori sociali 2022 e","og_url":"https:\/\/beneggiassociati.com\/en\/ammortizzatori-sociali-2022-tutte-le-novita-della-riforma\/","og_site_name":"Beneggi &amp; Associati","article_published_time":"2022-02-05T20:45:00+00:00","og_image":[{"width":1280,"height":823,"url":"https:\/\/beneggiassociati.com\/wp-content\/uploads\/2025\/07\/single-post-beneggi.jpg","type":"image\/jpeg"}],"author":"Tiziano Beneggi","twitter_card":"summary_large_image","twitter_misc":{"Written by":"Tiziano Beneggi","Est. reading time":"12 minutes"},"schema":{"@context":"https:\/\/schema.org","@graph":[{"@type":"Article","@id":"https:\/\/beneggiassociati.com\/en\/ammortizzatori-sociali-2022-tutte-le-novita-della-riforma\/#article","isPartOf":{"@id":"https:\/\/beneggiassociati.com\/en\/ammortizzatori-sociali-2022-tutte-le-novita-della-riforma\/"},"author":{"name":"Tiziano Beneggi","@id":"https:\/\/beneggiassociati.com\/en\/#\/schema\/person\/828daacfa37b359e89e981f920072004"},"headline":"Ammortizzatori sociali 2022, tutte le novit\u00e0 della Riforma","datePublished":"2022-02-05T20:45:00+00:00","mainEntityOfPage":{"@id":"https:\/\/beneggiassociati.com\/en\/ammortizzatori-sociali-2022-tutte-le-novita-della-riforma\/"},"wordCount":2470,"commentCount":0,"publisher":{"@id":"https:\/\/beneggiassociati.com\/en\/#organization"},"image":{"@id":"https:\/\/beneggiassociati.com\/en\/ammortizzatori-sociali-2022-tutte-le-novita-della-riforma\/#primaryimage"},"thumbnailUrl":"https:\/\/beneggiassociati.com\/wp-content\/uploads\/2025\/07\/single-post-beneggi.jpg","articleSection":["ARCHIVIO"],"inLanguage":"en-US"},{"@type":"WebPage","@id":"https:\/\/beneggiassociati.com\/en\/ammortizzatori-sociali-2022-tutte-le-novita-della-riforma\/","url":"https:\/\/beneggiassociati.com\/en\/ammortizzatori-sociali-2022-tutte-le-novita-della-riforma\/","name":"Ammortizzatori sociali 2022, tutte le novit\u00e0 della Riforma - Beneggi &amp; Associati","isPartOf":{"@id":"https:\/\/beneggiassociati.com\/en\/#website"},"primaryImageOfPage":{"@id":"https:\/\/beneggiassociati.com\/en\/ammortizzatori-sociali-2022-tutte-le-novita-della-riforma\/#primaryimage"},"image":{"@id":"https:\/\/beneggiassociati.com\/en\/ammortizzatori-sociali-2022-tutte-le-novita-della-riforma\/#primaryimage"},"thumbnailUrl":"https:\/\/beneggiassociati.com\/wp-content\/uploads\/2025\/07\/single-post-beneggi.jpg","datePublished":"2022-02-05T20:45:00+00:00","description":"&nbsp; La\u00a0Legge di Bilancio 2022\u00a0e il\u00a0Decreto Sostegni Ter\u00a0hanno previsto una riforma con\u00a0semplificazione\u00a0degli ammortizzatori sociali 2022 e","breadcrumb":{"@id":"https:\/\/beneggiassociati.com\/en\/ammortizzatori-sociali-2022-tutte-le-novita-della-riforma\/#breadcrumb"},"inLanguage":"en-US","potentialAction":[{"@type":"ReadAction","target":["https:\/\/beneggiassociati.com\/en\/ammortizzatori-sociali-2022-tutte-le-novita-della-riforma\/"]}]},{"@type":"ImageObject","inLanguage":"en-US","@id":"https:\/\/beneggiassociati.com\/en\/ammortizzatori-sociali-2022-tutte-le-novita-della-riforma\/#primaryimage","url":"https:\/\/beneggiassociati.com\/wp-content\/uploads\/2025\/07\/single-post-beneggi.jpg","contentUrl":"https:\/\/beneggiassociati.com\/wp-content\/uploads\/2025\/07\/single-post-beneggi.jpg","width":1280,"height":823},{"@type":"BreadcrumbList","@id":"https:\/\/beneggiassociati.com\/en\/ammortizzatori-sociali-2022-tutte-le-novita-della-riforma\/#breadcrumb","itemListElement":[{"@type":"ListItem","position":1,"name":"Home","item":"https:\/\/beneggiassociati.com\/en\/?page_id=24163"},{"@type":"ListItem","position":2,"name":"Ammortizzatori sociali 2022, tutte le novit\u00e0 della Riforma"}]},{"@type":"WebSite","@id":"https:\/\/beneggiassociati.com\/en\/#website","url":"https:\/\/beneggiassociati.com\/en\/","name":"Beneggi e associati","description":"","publisher":{"@id":"https:\/\/beneggiassociati.com\/en\/#organization"},"potentialAction":[{"@type":"SearchAction","target":{"@type":"EntryPoint","urlTemplate":"https:\/\/beneggiassociati.com\/en\/?s={search_term_string}"},"query-input":{"@type":"PropertyValueSpecification","valueRequired":true,"valueName":"search_term_string"}}],"inLanguage":"en-US"},{"@type":"Organization","@id":"https:\/\/beneggiassociati.com\/en\/#organization","name":"Beneggi e associati","url":"https:\/\/beneggiassociati.com\/en\/","logo":{"@type":"ImageObject","inLanguage":"en-US","@id":"https:\/\/beneggiassociati.com\/en\/#\/schema\/logo\/image\/","url":"https:\/\/beneggiassociati.com\/wp-content\/uploads\/2025\/07\/beneggi-logo.png","contentUrl":"https:\/\/beneggiassociati.com\/wp-content\/uploads\/2025\/07\/beneggi-logo.png","width":141,"height":87,"caption":"Beneggi e associati"},"image":{"@id":"https:\/\/beneggiassociati.com\/en\/#\/schema\/logo\/image\/"}},{"@type":"Person","@id":"https:\/\/beneggiassociati.com\/en\/#\/schema\/person\/828daacfa37b359e89e981f920072004","name":"Tiziano Beneggi","url":"https:\/\/beneggiassociati.com\/en\/author\/tizianobeneggiassociati-com\/"}]}},"_links":{"self":[{"href":"https:\/\/beneggiassociati.com\/en\/wp-json\/wp\/v2\/posts\/17940","targetHints":{"allow":["GET"]}}],"collection":[{"href":"https:\/\/beneggiassociati.com\/en\/wp-json\/wp\/v2\/posts"}],"about":[{"href":"https:\/\/beneggiassociati.com\/en\/wp-json\/wp\/v2\/types\/post"}],"author":[{"embeddable":true,"href":"https:\/\/beneggiassociati.com\/en\/wp-json\/wp\/v2\/users\/4"}],"replies":[{"embeddable":true,"href":"https:\/\/beneggiassociati.com\/en\/wp-json\/wp\/v2\/comments?post=17940"}],"version-history":[{"count":0,"href":"https:\/\/beneggiassociati.com\/en\/wp-json\/wp\/v2\/posts\/17940\/revisions"}],"wp:featuredmedia":[{"embeddable":true,"href":"https:\/\/beneggiassociati.com\/en\/wp-json\/wp\/v2\/media\/409"}],"wp:attachment":[{"href":"https:\/\/beneggiassociati.com\/en\/wp-json\/wp\/v2\/media?parent=17940"}],"wp:term":[{"taxonomy":"category","embeddable":true,"href":"https:\/\/beneggiassociati.com\/en\/wp-json\/wp\/v2\/categories?post=17940"},{"taxonomy":"post_tag","embeddable":true,"href":"https:\/\/beneggiassociati.com\/en\/wp-json\/wp\/v2\/tags?post=17940"}],"curies":[{"name":"wp","href":"https:\/\/api.w.org\/{rel}","templated":true}]}}