{"id":24514,"date":"2026-04-30T08:16:40","date_gmt":"2026-04-30T08:16:40","guid":{"rendered":"https:\/\/beneggiassociati.com\/?p=24514"},"modified":"2026-04-18T08:19:30","modified_gmt":"2026-04-18T08:19:30","slug":"presunzione-imprenditorialita-affitti-brevi","status":"publish","type":"post","link":"https:\/\/beneggiassociati.com\/en\/presunzione-imprenditorialita-affitti-brevi\/","title":{"rendered":"Affitti brevi e presunzione di imprenditorialit\u00e0: rileva il numero di prenotazioni"},"content":{"rendered":"<p>Il tema della <strong>presunzione di imprenditorialit\u00e0 negli affitti brevi<\/strong> continua a generare incertezza applicativa e contenzioso, soprattutto dopo gli interventi normativi degli ultimi anni e le pi\u00f9 recenti pronunce giurisprudenziali. La disciplina di riferimento \u00e8 contenuta nell\u2019articolo 1, comma 595, della legge n. 178 del 2020, che ha introdotto una presunzione legale di esercizio di attivit\u00e0 d\u2019impresa in caso di destinazione alla locazione breve di pi\u00f9 unit\u00e0 immobiliari.<\/p>\n<p>La norma ha individuato una soglia quantitativa, fissata fino al 31 dicembre 2025 in <strong>quattro appartamenti<\/strong> e ridotta a <strong>due appartamenti dal 1\u00b0 gennaio 2026<\/strong>, oltre la quale l\u2019attivit\u00e0 di locazione breve si presume svolta in forma imprenditoriale. Tale presunzione ha orientato, negli anni, il comportamento dei contribuenti, i quali hanno fatto affidamento sul mancato superamento delle soglie per qualificare l\u2019attivit\u00e0 come gestione privata del patrimonio immobiliare.<\/p>\n<p><strong>La sentenza della Corte di giustizia di Firenze n. 148\/2026<\/strong><\/p>\n<p>Un significativo cambio di prospettiva emerge dalla <strong>sentenza n. 148\/2026 della Corte di giustizia tributaria di primo grado di Firenze<\/strong>, pronunciata il 2 marzo 2026, seppur non ancora ufficialmente pubblicata. La decisione affronta un caso particolarmente rilevante, poich\u00e9 afferma che la locazione breve pu\u00f2 costituire <strong>attivit\u00e0 d\u2019impresa anche al di sotto della soglia legale degli appartamenti<\/strong>, qualora ricorrano specifici elementi sintomatici di organizzazione imprenditoriale.<\/p>\n<p>Il giudizio prende le mosse da una verifica della Guardia di finanza relativa agli anni dal 2017 al 2023, nei confronti di un contribuente che concedeva in locazione breve quattro appartamenti. A seguito del controllo, l\u2019Agenzia delle Entrate contestava l\u2019omessa dichiarazione del reddito d\u2019impresa, ritenendo che l\u2019attivit\u00e0 svolta non potesse essere qualificata come mera locazione privata.<\/p>\n<p><strong>Numero di prenotazioni e continuit\u00e0 dell\u2019attivit\u00e0<\/strong><\/p>\n<p>Uno degli aspetti centrali valorizzati dalla sentenza riguarda il <strong>numero elevato di prenotazioni<\/strong> e la <strong>stabilit\u00e0 nel tempo dell\u2019attivit\u00e0 di affitto breve<\/strong>. Secondo i giudici fiorentini, la continuit\u00e0 delle locazioni, il frequente ricambio degli ospiti e la sistematicit\u00e0 dell\u2019attivit\u00e0 costituiscono indizi rilevanti ai fini della qualificazione imprenditoriale, anche in assenza di servizi accessori tipici delle strutture ricettive.<\/p>\n<p>In questa prospettiva, il dato quantitativo degli immobili non assume valore dirimente, ma rappresenta solo uno degli elementi valutabili. Ci\u00f2 che rileva \u00e8 l\u2019effettiva modalit\u00e0 di svolgimento dell\u2019attivit\u00e0, che pu\u00f2 rivelare un\u2019organizzazione stabile e non occasionale, tipica dell\u2019impresa ai sensi dell\u2019articolo 55 del Dpr. 917\/1986.<\/p>\n<p><strong>Presenza sulle piattaforme digitali e organizzazione dei mezzi<\/strong><\/p>\n<p>La Corte ha attribuito particolare importanza anche alla <strong>presenza sistematica degli immobili sulle principali Ota<\/strong>, come le piattaforme di intermediazione online, ritenendo tale elemento sintomatico di una strategia commerciale strutturata. L\u2019utilizzo continuativo dei canali digitali per intercettare la clientela, unitamente alla gestione dei flussi di prenotazioni, \u00e8 stato considerato indice di professionalit\u00e0 e organizzazione.<\/p>\n<p>Ulteriore elemento valorizzato \u00e8 stata l\u2019<strong>organizzazione della forza lavoro<\/strong>, necessaria per gestire il continuo avvicendamento degli ospiti, le attivit\u00e0 di pulizia e la gestione logistica degli immobili. Anche in assenza di dipendenti formalmente assunti, il coordinamento di tali attivit\u00e0 \u00e8 stato ritenuto compatibile con una struttura imprenditoriale di fatto.<\/p>\n<p><strong>Entit\u00e0 degli introiti e assenza di altri redditi<\/strong><\/p>\n<p>Un altro profilo determinante riguarda l\u2019<strong>entit\u00e0 degli introiti percepiti<\/strong> dal contribuente, che dichiarava esclusivamente redditi derivanti dalla locazione breve. Secondo il giudice, la rilevanza economica dell\u2019attivit\u00e0 e la sua esclusivit\u00e0 rispetto ad altre fonti di reddito rafforzano la qualificazione imprenditoriale, evidenziando come la locazione breve rappresentasse l\u2019attivit\u00e0 principale del soggetto verificato.<\/p>\n<p>Questo passaggio \u00e8 particolarmente delicato, poich\u00e9 introduce un criterio valutativo che prescinde completamente dal numero degli immobili e si concentra sulla sostanza economica dell\u2019attivit\u00e0 svolta.<\/p>\n<p><strong>Cedolare secca e reddito d\u2019impresa: tassazioni alternative<\/strong><\/p>\n<p>La sentenza affronta anche il tema della <strong>cedolare secca<\/strong> applicata alle locazioni brevi. Nel caso esaminato, il contribuente aveva subito la ritenuta operata dalle piattaforme digitali, ma la Corte ha escluso la possibilit\u00e0 di scomputare tali somme dall\u2019imposta accertata sul reddito d\u2019impresa.<\/p>\n<p>Secondo i giudici, la cedolare secca e la tassazione del reddito d\u2019impresa costituiscono <strong>regimi alternativi e incompatibili<\/strong>, con la conseguenza che l\u2019errata qualificazione iniziale dell\u2019attivit\u00e0 non consente alcuna compensazione automatica. Questo aspetto aumenta sensibilmente il rischio economico per i contribuenti che abbiano applicato, in buona fede, il regime della locazione privata.<\/p>\n<p><strong>Criticit\u00e0 e rischi di contenzioso<\/strong><\/p>\n<p>La pronuncia appare, per molti aspetti, discutibile e potenzialmente foriera di un aumento del contenzioso. I contribuenti hanno infatti fatto legittimo affidamento sulla presunzione legale introdotta dal legislatore, interpretandola sia in senso positivo sia in senso negativo. La possibilit\u00e0 che l\u2019attivit\u00e0 venga riqualificata come impresa anche sotto le soglie di legge rischia di minare la certezza del diritto.<\/p>\n<p>Se, come sembra emergere dalla sentenza, tornano applicabili in modo pieno i <strong>principi generali dell\u2019articolo 55 del Tuir<\/strong>, allora tali criteri dovrebbero operare sempre, anche in presenza di pi\u00f9 di due appartamenti, consentendo al contribuente di fornire una prova contraria alla presunzione legale di imprenditorialit\u00e0.<\/p>\n<p><strong>Implicazioni operative per i locatori<\/strong><\/p>\n<p>Alla luce di questo orientamento, chi opera nel settore degli affitti brevi deve prestare particolare attenzione non solo al numero degli immobili, ma anche al <strong>modello organizzativo adottato<\/strong>, alla frequenza delle prenotazioni, alla rilevanza economica degli introiti e alle modalit\u00e0 di promozione dell\u2019attivit\u00e0. Una valutazione preventiva della corretta qualificazione fiscale pu\u00f2 ridurre sensibilmente il rischio di accertamenti e sanzioni.<\/p>\n","protected":false},"excerpt":{"rendered":"<p>Affitti brevi e presunzione di imprenditorialit\u00e0: quando l\u2019attivit\u00e0 diventa impresa anche sotto le soglie di legge sugli appartamenti.<\/p>\n","protected":false},"author":4,"featured_media":409,"comment_status":"closed","ping_status":"closed","sticky":false,"template":"","format":"standard","meta":{"_acf_changed":false,"content-type":"","footnotes":""},"categories":[8],"tags":[1606,671,1270,3343,3208,3423,1913,3777,159],"class_list":["post-24514","post","type-post","status-publish","format-standard","has-post-thumbnail","hentry","category-fisco-e-contabilita","tag-affitti-brevi","tag-agenzia-delle-entrate","tag-cedolare-secca","tag-contenzioso-tributario","tag-fiscalita-immobiliare","tag-imprenditorialita","tag-locazioni-brevi","tag-ota","tag-reddito-dimpresa"],"acf":[],"yoast_head":"<!-- This site is optimized with the Yoast SEO plugin v27.5 - https:\/\/yoast.com\/product\/yoast-seo-wordpress\/ -->\n<title>Affitti brevi e presunzione di imprenditorialit\u00e0: rileva il numero di prenotazioni - Beneggi &amp; Associati<\/title>\n<meta name=\"description\" content=\"Affitti brevi e presunzione di imprenditorialit\u00e0: quando l\u2019attivit\u00e0 diventa impresa anche sotto le soglie di legge sugli appartamenti.\" \/>\n<meta name=\"robots\" content=\"index, follow, max-snippet:-1, max-image-preview:large, max-video-preview:-1\" \/>\n<link rel=\"canonical\" href=\"https:\/\/beneggiassociati.com\/en\/presunzione-imprenditorialita-affitti-brevi\/\" \/>\n<meta property=\"og:locale\" content=\"en_US\" \/>\n<meta property=\"og:type\" content=\"article\" \/>\n<meta property=\"og:title\" content=\"Affitti brevi e presunzione di imprenditorialit\u00e0: rileva il numero di prenotazioni - Beneggi &amp; Associati\" \/>\n<meta property=\"og:description\" content=\"Affitti brevi e presunzione di imprenditorialit\u00e0: quando l\u2019attivit\u00e0 diventa impresa anche sotto le soglie di legge sugli appartamenti.\" \/>\n<meta property=\"og:url\" content=\"https:\/\/beneggiassociati.com\/en\/presunzione-imprenditorialita-affitti-brevi\/\" \/>\n<meta property=\"og:site_name\" content=\"Beneggi &amp; Associati\" \/>\n<meta property=\"article:published_time\" content=\"2026-04-30T08:16:40+00:00\" \/>\n<meta property=\"og:image\" content=\"https:\/\/beneggiassociati.com\/wp-content\/uploads\/2025\/07\/single-post-beneggi.jpg\" \/>\n\t<meta property=\"og:image:width\" content=\"1280\" \/>\n\t<meta property=\"og:image:height\" content=\"823\" \/>\n\t<meta property=\"og:image:type\" content=\"image\/jpeg\" \/>\n<meta name=\"author\" content=\"Tiziano Beneggi\" \/>\n<meta name=\"twitter:card\" content=\"summary_large_image\" \/>\n<meta name=\"twitter:label1\" content=\"Written by\" \/>\n\t<meta name=\"twitter:data1\" content=\"Tiziano Beneggi\" \/>\n\t<meta name=\"twitter:label2\" content=\"Est. reading time\" \/>\n\t<meta name=\"twitter:data2\" content=\"5 minutes\" \/>\n<script type=\"application\/ld+json\" class=\"yoast-schema-graph\">{\"@context\":\"https:\\\/\\\/schema.org\",\"@graph\":[{\"@type\":\"Article\",\"@id\":\"https:\\\/\\\/beneggiassociati.com\\\/en\\\/presunzione-imprenditorialita-affitti-brevi\\\/#article\",\"isPartOf\":{\"@id\":\"https:\\\/\\\/beneggiassociati.com\\\/en\\\/presunzione-imprenditorialita-affitti-brevi\\\/\"},\"author\":{\"name\":\"Tiziano Beneggi\",\"@id\":\"https:\\\/\\\/beneggiassociati.com\\\/en\\\/#\\\/schema\\\/person\\\/828daacfa37b359e89e981f920072004\"},\"headline\":\"Affitti brevi e presunzione di imprenditorialit\u00e0: rileva il numero di prenotazioni\",\"datePublished\":\"2026-04-30T08:16:40+00:00\",\"mainEntityOfPage\":{\"@id\":\"https:\\\/\\\/beneggiassociati.com\\\/en\\\/presunzione-imprenditorialita-affitti-brevi\\\/\"},\"wordCount\":860,\"publisher\":{\"@id\":\"https:\\\/\\\/beneggiassociati.com\\\/en\\\/#organization\"},\"image\":{\"@id\":\"https:\\\/\\\/beneggiassociati.com\\\/en\\\/presunzione-imprenditorialita-affitti-brevi\\\/#primaryimage\"},\"thumbnailUrl\":\"https:\\\/\\\/beneggiassociati.com\\\/wp-content\\\/uploads\\\/2025\\\/07\\\/single-post-beneggi.jpg\",\"keywords\":[\"affitti brevi\",\"Agenzia delle Entrate\",\"cedolare secca\",\"contenzioso tributario\",\"fiscalit\u00e0 immobiliare\",\"imprenditorialit\u00e0\",\"locazioni brevi\",\"Ota\",\"reddito d\u2019impresa\"],\"articleSection\":[\"Fisco e contabilit\u00e0\"],\"inLanguage\":\"en-US\"},{\"@type\":\"WebPage\",\"@id\":\"https:\\\/\\\/beneggiassociati.com\\\/en\\\/presunzione-imprenditorialita-affitti-brevi\\\/\",\"url\":\"https:\\\/\\\/beneggiassociati.com\\\/en\\\/presunzione-imprenditorialita-affitti-brevi\\\/\",\"name\":\"Affitti brevi e presunzione di imprenditorialit\u00e0: rileva il numero di prenotazioni - Beneggi &amp; Associati\",\"isPartOf\":{\"@id\":\"https:\\\/\\\/beneggiassociati.com\\\/en\\\/#website\"},\"primaryImageOfPage\":{\"@id\":\"https:\\\/\\\/beneggiassociati.com\\\/en\\\/presunzione-imprenditorialita-affitti-brevi\\\/#primaryimage\"},\"image\":{\"@id\":\"https:\\\/\\\/beneggiassociati.com\\\/en\\\/presunzione-imprenditorialita-affitti-brevi\\\/#primaryimage\"},\"thumbnailUrl\":\"https:\\\/\\\/beneggiassociati.com\\\/wp-content\\\/uploads\\\/2025\\\/07\\\/single-post-beneggi.jpg\",\"datePublished\":\"2026-04-30T08:16:40+00:00\",\"description\":\"Affitti brevi e presunzione di imprenditorialit\u00e0: quando l\u2019attivit\u00e0 diventa impresa anche sotto le soglie di legge sugli appartamenti.\",\"breadcrumb\":{\"@id\":\"https:\\\/\\\/beneggiassociati.com\\\/en\\\/presunzione-imprenditorialita-affitti-brevi\\\/#breadcrumb\"},\"inLanguage\":\"en-US\",\"potentialAction\":[{\"@type\":\"ReadAction\",\"target\":[\"https:\\\/\\\/beneggiassociati.com\\\/en\\\/presunzione-imprenditorialita-affitti-brevi\\\/\"]}]},{\"@type\":\"ImageObject\",\"inLanguage\":\"en-US\",\"@id\":\"https:\\\/\\\/beneggiassociati.com\\\/en\\\/presunzione-imprenditorialita-affitti-brevi\\\/#primaryimage\",\"url\":\"https:\\\/\\\/beneggiassociati.com\\\/wp-content\\\/uploads\\\/2025\\\/07\\\/single-post-beneggi.jpg\",\"contentUrl\":\"https:\\\/\\\/beneggiassociati.com\\\/wp-content\\\/uploads\\\/2025\\\/07\\\/single-post-beneggi.jpg\",\"width\":1280,\"height\":823},{\"@type\":\"BreadcrumbList\",\"@id\":\"https:\\\/\\\/beneggiassociati.com\\\/en\\\/presunzione-imprenditorialita-affitti-brevi\\\/#breadcrumb\",\"itemListElement\":[{\"@type\":\"ListItem\",\"position\":1,\"name\":\"Home\",\"item\":\"https:\\\/\\\/beneggiassociati.com\\\/en\\\/?page_id=24163\"},{\"@type\":\"ListItem\",\"position\":2,\"name\":\"Affitti brevi e presunzione di imprenditorialit\u00e0: rileva il numero di prenotazioni\"}]},{\"@type\":\"WebSite\",\"@id\":\"https:\\\/\\\/beneggiassociati.com\\\/en\\\/#website\",\"url\":\"https:\\\/\\\/beneggiassociati.com\\\/en\\\/\",\"name\":\"Beneggi e associati\",\"description\":\"\",\"publisher\":{\"@id\":\"https:\\\/\\\/beneggiassociati.com\\\/en\\\/#organization\"},\"potentialAction\":[{\"@type\":\"SearchAction\",\"target\":{\"@type\":\"EntryPoint\",\"urlTemplate\":\"https:\\\/\\\/beneggiassociati.com\\\/en\\\/?s={search_term_string}\"},\"query-input\":{\"@type\":\"PropertyValueSpecification\",\"valueRequired\":true,\"valueName\":\"search_term_string\"}}],\"inLanguage\":\"en-US\"},{\"@type\":\"Organization\",\"@id\":\"https:\\\/\\\/beneggiassociati.com\\\/en\\\/#organization\",\"name\":\"Beneggi e associati\",\"url\":\"https:\\\/\\\/beneggiassociati.com\\\/en\\\/\",\"logo\":{\"@type\":\"ImageObject\",\"inLanguage\":\"en-US\",\"@id\":\"https:\\\/\\\/beneggiassociati.com\\\/en\\\/#\\\/schema\\\/logo\\\/image\\\/\",\"url\":\"https:\\\/\\\/beneggiassociati.com\\\/wp-content\\\/uploads\\\/2025\\\/07\\\/beneggi-logo.png\",\"contentUrl\":\"https:\\\/\\\/beneggiassociati.com\\\/wp-content\\\/uploads\\\/2025\\\/07\\\/beneggi-logo.png\",\"width\":141,\"height\":87,\"caption\":\"Beneggi e associati\"},\"image\":{\"@id\":\"https:\\\/\\\/beneggiassociati.com\\\/en\\\/#\\\/schema\\\/logo\\\/image\\\/\"}},{\"@type\":\"Person\",\"@id\":\"https:\\\/\\\/beneggiassociati.com\\\/en\\\/#\\\/schema\\\/person\\\/828daacfa37b359e89e981f920072004\",\"name\":\"Tiziano Beneggi\",\"url\":\"https:\\\/\\\/beneggiassociati.com\\\/en\\\/author\\\/tizianobeneggiassociati-com\\\/\"}]}<\/script>\n<!-- \/ Yoast SEO plugin. -->","yoast_head_json":{"title":"Affitti brevi e presunzione di imprenditorialit\u00e0: rileva il numero di prenotazioni - Beneggi &amp; Associati","description":"Affitti brevi e presunzione di imprenditorialit\u00e0: quando l\u2019attivit\u00e0 diventa impresa anche sotto le soglie di legge sugli appartamenti.","robots":{"index":"index","follow":"follow","max-snippet":"max-snippet:-1","max-image-preview":"max-image-preview:large","max-video-preview":"max-video-preview:-1"},"canonical":"https:\/\/beneggiassociati.com\/en\/presunzione-imprenditorialita-affitti-brevi\/","og_locale":"en_US","og_type":"article","og_title":"Affitti brevi e presunzione di imprenditorialit\u00e0: rileva il numero di prenotazioni - Beneggi &amp; Associati","og_description":"Affitti brevi e presunzione di imprenditorialit\u00e0: quando l\u2019attivit\u00e0 diventa impresa anche sotto le soglie di legge sugli appartamenti.","og_url":"https:\/\/beneggiassociati.com\/en\/presunzione-imprenditorialita-affitti-brevi\/","og_site_name":"Beneggi &amp; Associati","article_published_time":"2026-04-30T08:16:40+00:00","og_image":[{"width":1280,"height":823,"url":"https:\/\/beneggiassociati.com\/wp-content\/uploads\/2025\/07\/single-post-beneggi.jpg","type":"image\/jpeg"}],"author":"Tiziano Beneggi","twitter_card":"summary_large_image","twitter_misc":{"Written by":"Tiziano Beneggi","Est. reading time":"5 minutes"},"schema":{"@context":"https:\/\/schema.org","@graph":[{"@type":"Article","@id":"https:\/\/beneggiassociati.com\/en\/presunzione-imprenditorialita-affitti-brevi\/#article","isPartOf":{"@id":"https:\/\/beneggiassociati.com\/en\/presunzione-imprenditorialita-affitti-brevi\/"},"author":{"name":"Tiziano Beneggi","@id":"https:\/\/beneggiassociati.com\/en\/#\/schema\/person\/828daacfa37b359e89e981f920072004"},"headline":"Affitti brevi e presunzione di imprenditorialit\u00e0: rileva il numero di prenotazioni","datePublished":"2026-04-30T08:16:40+00:00","mainEntityOfPage":{"@id":"https:\/\/beneggiassociati.com\/en\/presunzione-imprenditorialita-affitti-brevi\/"},"wordCount":860,"publisher":{"@id":"https:\/\/beneggiassociati.com\/en\/#organization"},"image":{"@id":"https:\/\/beneggiassociati.com\/en\/presunzione-imprenditorialita-affitti-brevi\/#primaryimage"},"thumbnailUrl":"https:\/\/beneggiassociati.com\/wp-content\/uploads\/2025\/07\/single-post-beneggi.jpg","keywords":["affitti brevi","Agenzia delle Entrate","cedolare secca","contenzioso tributario","fiscalit\u00e0 immobiliare","imprenditorialit\u00e0","locazioni brevi","Ota","reddito d\u2019impresa"],"articleSection":["Fisco e contabilit\u00e0"],"inLanguage":"en-US"},{"@type":"WebPage","@id":"https:\/\/beneggiassociati.com\/en\/presunzione-imprenditorialita-affitti-brevi\/","url":"https:\/\/beneggiassociati.com\/en\/presunzione-imprenditorialita-affitti-brevi\/","name":"Affitti brevi e presunzione di imprenditorialit\u00e0: rileva il numero di prenotazioni - Beneggi &amp; Associati","isPartOf":{"@id":"https:\/\/beneggiassociati.com\/en\/#website"},"primaryImageOfPage":{"@id":"https:\/\/beneggiassociati.com\/en\/presunzione-imprenditorialita-affitti-brevi\/#primaryimage"},"image":{"@id":"https:\/\/beneggiassociati.com\/en\/presunzione-imprenditorialita-affitti-brevi\/#primaryimage"},"thumbnailUrl":"https:\/\/beneggiassociati.com\/wp-content\/uploads\/2025\/07\/single-post-beneggi.jpg","datePublished":"2026-04-30T08:16:40+00:00","description":"Affitti brevi e presunzione di imprenditorialit\u00e0: quando l\u2019attivit\u00e0 diventa impresa anche sotto le soglie di legge sugli appartamenti.","breadcrumb":{"@id":"https:\/\/beneggiassociati.com\/en\/presunzione-imprenditorialita-affitti-brevi\/#breadcrumb"},"inLanguage":"en-US","potentialAction":[{"@type":"ReadAction","target":["https:\/\/beneggiassociati.com\/en\/presunzione-imprenditorialita-affitti-brevi\/"]}]},{"@type":"ImageObject","inLanguage":"en-US","@id":"https:\/\/beneggiassociati.com\/en\/presunzione-imprenditorialita-affitti-brevi\/#primaryimage","url":"https:\/\/beneggiassociati.com\/wp-content\/uploads\/2025\/07\/single-post-beneggi.jpg","contentUrl":"https:\/\/beneggiassociati.com\/wp-content\/uploads\/2025\/07\/single-post-beneggi.jpg","width":1280,"height":823},{"@type":"BreadcrumbList","@id":"https:\/\/beneggiassociati.com\/en\/presunzione-imprenditorialita-affitti-brevi\/#breadcrumb","itemListElement":[{"@type":"ListItem","position":1,"name":"Home","item":"https:\/\/beneggiassociati.com\/en\/?page_id=24163"},{"@type":"ListItem","position":2,"name":"Affitti brevi e presunzione di imprenditorialit\u00e0: rileva il numero di prenotazioni"}]},{"@type":"WebSite","@id":"https:\/\/beneggiassociati.com\/en\/#website","url":"https:\/\/beneggiassociati.com\/en\/","name":"Beneggi e associati","description":"","publisher":{"@id":"https:\/\/beneggiassociati.com\/en\/#organization"},"potentialAction":[{"@type":"SearchAction","target":{"@type":"EntryPoint","urlTemplate":"https:\/\/beneggiassociati.com\/en\/?s={search_term_string}"},"query-input":{"@type":"PropertyValueSpecification","valueRequired":true,"valueName":"search_term_string"}}],"inLanguage":"en-US"},{"@type":"Organization","@id":"https:\/\/beneggiassociati.com\/en\/#organization","name":"Beneggi e associati","url":"https:\/\/beneggiassociati.com\/en\/","logo":{"@type":"ImageObject","inLanguage":"en-US","@id":"https:\/\/beneggiassociati.com\/en\/#\/schema\/logo\/image\/","url":"https:\/\/beneggiassociati.com\/wp-content\/uploads\/2025\/07\/beneggi-logo.png","contentUrl":"https:\/\/beneggiassociati.com\/wp-content\/uploads\/2025\/07\/beneggi-logo.png","width":141,"height":87,"caption":"Beneggi e associati"},"image":{"@id":"https:\/\/beneggiassociati.com\/en\/#\/schema\/logo\/image\/"}},{"@type":"Person","@id":"https:\/\/beneggiassociati.com\/en\/#\/schema\/person\/828daacfa37b359e89e981f920072004","name":"Tiziano Beneggi","url":"https:\/\/beneggiassociati.com\/en\/author\/tizianobeneggiassociati-com\/"}]}},"_links":{"self":[{"href":"https:\/\/beneggiassociati.com\/en\/wp-json\/wp\/v2\/posts\/24514","targetHints":{"allow":["GET"]}}],"collection":[{"href":"https:\/\/beneggiassociati.com\/en\/wp-json\/wp\/v2\/posts"}],"about":[{"href":"https:\/\/beneggiassociati.com\/en\/wp-json\/wp\/v2\/types\/post"}],"author":[{"embeddable":true,"href":"https:\/\/beneggiassociati.com\/en\/wp-json\/wp\/v2\/users\/4"}],"replies":[{"embeddable":true,"href":"https:\/\/beneggiassociati.com\/en\/wp-json\/wp\/v2\/comments?post=24514"}],"version-history":[{"count":1,"href":"https:\/\/beneggiassociati.com\/en\/wp-json\/wp\/v2\/posts\/24514\/revisions"}],"predecessor-version":[{"id":24515,"href":"https:\/\/beneggiassociati.com\/en\/wp-json\/wp\/v2\/posts\/24514\/revisions\/24515"}],"wp:featuredmedia":[{"embeddable":true,"href":"https:\/\/beneggiassociati.com\/en\/wp-json\/wp\/v2\/media\/409"}],"wp:attachment":[{"href":"https:\/\/beneggiassociati.com\/en\/wp-json\/wp\/v2\/media?parent=24514"}],"wp:term":[{"taxonomy":"category","embeddable":true,"href":"https:\/\/beneggiassociati.com\/en\/wp-json\/wp\/v2\/categories?post=24514"},{"taxonomy":"post_tag","embeddable":true,"href":"https:\/\/beneggiassociati.com\/en\/wp-json\/wp\/v2\/tags?post=24514"}],"curies":[{"name":"wp","href":"https:\/\/api.w.org\/{rel}","templated":true}]}}