{"id":24531,"date":"2026-05-03T07:38:44","date_gmt":"2026-05-03T07:38:44","guid":{"rendered":"https:\/\/beneggiassociati.com\/?p=24531"},"modified":"2026-04-24T07:42:57","modified_gmt":"2026-04-24T07:42:57","slug":"diritti-autore-regime-forfettario","status":"publish","type":"post","link":"https:\/\/beneggiassociati.com\/en\/diritti-autore-regime-forfettario\/","title":{"rendered":"Forfettari e diritti d\u2019autore: quando rientrano nel regime agevolato e quando vanno nel quadro RL"},"content":{"rendered":"<p>Il tema dei diritti d\u2019autore regime forfettario continua a generare dubbi applicativi, soprattutto quando il contribuente esercita un\u2019attivit\u00e0 professionale con partita IVA in regime agevolato e percepisce compensi certificati dalla SIAE come persona fisica. La questione non \u00e8 meramente dichiarativa, ma incide sulla tassazione, sull\u2019inclusione o meno dei compensi nel quadro LM, sull\u2019eventuale compilazione del quadro RL e sulle conseguenze previdenziali. Le indicazioni dell\u2019Agenzia delle Entrate, consolidate negli ultimi anni, ruotano attorno a un concetto chiave: la correlazione tra l\u2019attivit\u00e0 esercitata e l\u2019opera da cui derivano i diritti d\u2019autore. Comprendere questo nesso \u00e8 essenziale per evitare errori dichiarativi e contestazioni in sede di controllo.<\/p>\n<p><strong>La qualificazione fiscale dei diritti d\u2019autore nel Tuir<\/strong><br \/>\nAi fini fiscali, i compensi derivanti dallo sfruttamento economico delle opere dell\u2019ingegno sono disciplinati dall\u2019articolo 53, comma 2, lettera b), del Tuir. La norma qualifica tali proventi come redditi di lavoro autonomo quando sono percepiti dall\u2019autore e non nell\u2019esercizio di un\u2019impresa commerciale. Tuttavia, il legislatore ha previsto una modalit\u00e0 particolare di determinazione della base imponibile, oggi contenuta nell\u2019articolo 54\u2011octies del Tuir, che riconosce una deduzione forfettaria dei costi pari al 25 per cento, elevata al 40 per cento per gli autori di et\u00e0 inferiore a 35 anni. Questo inquadramento costituisce il punto di partenza per valutare il loro trattamento nel regime forfettario.<\/p>\n<p><strong>Diritti d\u2019autore e regime forfettario: il principio della correlazione<\/strong><br \/>\nLa circolare n. 9\/E del 10 aprile 2019 ha chiarito in modo decisivo il rapporto tra diritti d\u2019autore e regime forfettario. Secondo l\u2019Agenzia delle Entrate, i compensi derivanti dall\u2019utilizzazione economica delle opere dell\u2019ingegno devono essere inclusi nel regime agevolato solo se esiste una correlazione con l\u2019attivit\u00e0 di lavoro autonomo svolta con partita IVA. La correlazione si considera sussistente quando, sulla base di elementi oggettivi, i diritti d\u2019autore non sarebbero stati conseguiti in assenza dell\u2019attivit\u00e0 professionale esercitata. In altre parole, ci\u00f2 che conta non \u00e8 la modalit\u00e0 di incasso o la causale della certificazione unica, ma il legame sostanziale tra competenze professionali e produzione dell\u2019opera.<\/p>\n<p><strong>Il ruolo degli interpelli e della prassi successiva<\/strong><br \/>\nL\u2019orientamento della circolare 9\/E \u00e8 stato confermato dall\u2019interpello n. 517 del 2019, che ha ribadito come i diritti d\u2019autore correlati all\u2019attivit\u00e0 professionale confluiscano nel reddito forfettario e concorrano alla verifica della soglia dei compensi. Pi\u00f9 di recente, la prassi di commento, anche in sede giornalistica specializzata, ha sottolineato come il principio di \u201comnicomprensivit\u00e0\u201d del reddito di lavoro autonomo tenda a rafforzare l\u2019inclusione dei diritti d\u2019autore nel perimetro dell\u2019attivit\u00e0 quando le conoscenze utilizzate coincidono con quelle professionali, anche se l\u2019attivit\u00e0 di sfruttamento dell\u2019opera non \u00e8 abituale o prevalente.<\/p>\n<p><strong>Quando i diritti d\u2019autore confluiscono nel quadro LM<\/strong><br \/>\nSe la correlazione \u00e8 presente, i compensi per diritti d\u2019autore devono essere sommati ai compensi professionali dell\u2019attivit\u00e0 forfettaria. In questo caso, l\u2019importo percepito viene prima ridotto forfettariamente del 25 per cento o del 40 per cento, a seconda dell\u2019et\u00e0 dell\u2019autore, e successivamente confluisce nella sezione III del quadro LM del modello Redditi PF. L\u2019intero reddito cos\u00ec determinato \u00e8 assoggettato all\u2019imposta sostitutiva del regime forfettario, senza applicazione delle ritenute subite, che restano comunque scomputabili. Questa impostazione \u00e8 ormai considerata coerente con l\u2019impianto normativo e con le indicazioni dell\u2019Agenzia delle Entrate.<\/p>\n<p><strong>Quando i diritti d\u2019autore vanno dichiarati nel quadro RL<\/strong><br \/>\nIn assenza di correlazione tra attivit\u00e0 professionale e opera dell\u2019ingegno, i compensi per diritti d\u2019autore assumono natura di redditi diversi. In tale ipotesi, la remunerazione va dichiarata nel quadro RL, sezione III, rigo RL25, concorrendo alla formazione del reddito complessivo ordinario. La mancanza di correlazione si verifica quando l\u2019opera \u00e8 frutto di competenze, attivit\u00e0 o esperienze non riconducibili all\u2019attivit\u00e0 svolta con partita IVA, e sarebbe stata realizzata anche senza l\u2019esercizio della professione. Questo discrimine, come evidenziato dalla prassi, deve essere valutato caso per caso, tenendo conto del contenuto dell\u2019opera e del profilo professionale del contribuente.<\/p>\n<p><strong>Gli effetti previdenziali: esclusione dei contributi Inps<\/strong><br \/>\nSotto il profilo previdenziale, la questione dei diritti d\u2019autore regime forfettario presenta un ulteriore livello di complessit\u00e0. L\u2019Inps, gi\u00e0 con il messaggio n. 19435 del 2013, ha chiarito che i compensi per diritti d\u2019autore sono esclusi dalla base imponibile contributiva, in quanto l\u2019obbligo contributivo \u00e8 improntato a criteri oggettivi che prescindono dalle modalit\u00e0 di tassazione fiscale. Tale esclusione si fonda sul fatto che la normativa previdenziale richiama esclusivamente i redditi di lavoro autonomo di cui all\u2019articolo 53, comma 1, del Tuir, mentre i diritti d\u2019autore rientrano nel comma 2. La prassi pi\u00f9 recente continua a ritenere valida questa impostazione, anche quando i compensi confluiscono nel quadro LM, pur segnalando l\u2019assenza di un chiarimento amministrativo definitivo in senso univoco.<\/p>\n<p><strong>Il rischio di errori dichiarativi e l\u2019importanza della valutazione preventiva<\/strong><br \/>\nL\u2019errata qualificazione dei diritti d\u2019autore pu\u00f2 comportare conseguenze rilevanti, sia in termini di imposta dovuta sia di verifica dei requisiti di accesso e permanenza nel regime forfettario. L\u2019inclusione o l\u2019esclusione dalla soglia dei compensi, infatti, pu\u00f2 determinare la fuoriuscita dal regime agevolato a decorrere dall\u2019anno successivo. Per questo motivo \u00e8 fondamentale analizzare preventivamente la natura dei proventi e documentare in modo coerente la sussistenza o meno della correlazione con l\u2019attivit\u00e0 professionale. All\u2019interno della nostra piattaforma \u00e8 possibile effettuare una verifica guidata dei compensi percepiti e simulare l\u2019impatto fiscale e previdenziale delle diverse opzioni dichiarative, utile anche per intercettare contatti qualificati interessati a soluzioni strutturate di gestione fiscale.<\/p>\n<p><strong>Conclusioni<\/strong><br \/>\nIl trattamento dei diritti d\u2019autore regime forfettario dipende in modo determinante dalla correlazione con l\u2019attivit\u00e0 professionale esercitata. Se tale nesso esiste, i compensi confluiscono nel quadro LM e sono assoggettati all\u2019imposta sostitutiva, previa riduzione forfettaria. In caso contrario, vanno dichiarati nel quadro RL come redditi diversi. Sul piano previdenziale, prevale l\u2019orientamento che ne esclude l\u2019assoggettamento a contribuzione Inps, indipendentemente dal quadro dichiarativo utilizzato.<\/p>\n","protected":false},"excerpt":{"rendered":"<p>Forfettari e diritti d\u2019autore: quando sono inclusi nel regime agevolato e quando vanno dichiarati nel quadro RL.<\/p>\n","protected":false},"author":4,"featured_media":409,"comment_status":"closed","ping_status":"closed","sticky":false,"template":"","format":"standard","meta":{"_acf_changed":false,"content-type":"","footnotes":""},"categories":[8],"tags":[671,3333,1576,724,2447,2448,2101,221],"class_list":["post-24531","post","type-post","status-publish","format-standard","has-post-thumbnail","hentry","category-fisco-e-contabilita","tag-agenzia-delle-entrate","tag-diritti-dautore","tag-fiscalita-professionisti","tag-inps","tag-quadro-lm","tag-quadro-rl","tag-redditi-diversi","tag-regime-forfettario"],"acf":[],"yoast_head":"<!-- This site is optimized with the Yoast SEO plugin v27.5 - https:\/\/yoast.com\/product\/yoast-seo-wordpress\/ -->\n<title>Forfettari e diritti d\u2019autore: quando rientrano nel regime agevolato e quando vanno nel quadro RL - Beneggi &amp; Associati<\/title>\n<meta name=\"description\" content=\"Forfettari e diritti d\u2019autore: quando sono inclusi nel regime agevolato e quando vanno dichiarati nel quadro RL.\" \/>\n<meta name=\"robots\" content=\"index, follow, max-snippet:-1, max-image-preview:large, max-video-preview:-1\" \/>\n<link rel=\"canonical\" href=\"https:\/\/beneggiassociati.com\/en\/diritti-autore-regime-forfettario\/\" \/>\n<meta property=\"og:locale\" content=\"en_US\" \/>\n<meta property=\"og:type\" content=\"article\" \/>\n<meta property=\"og:title\" content=\"Forfettari e diritti d\u2019autore: quando rientrano nel regime agevolato e quando vanno nel quadro RL - Beneggi &amp; Associati\" \/>\n<meta property=\"og:description\" content=\"Forfettari e diritti d\u2019autore: quando sono inclusi nel regime agevolato e quando vanno dichiarati nel quadro RL.\" \/>\n<meta property=\"og:url\" content=\"https:\/\/beneggiassociati.com\/en\/diritti-autore-regime-forfettario\/\" \/>\n<meta property=\"og:site_name\" content=\"Beneggi &amp; Associati\" \/>\n<meta property=\"article:published_time\" content=\"2026-05-03T07:38:44+00:00\" \/>\n<meta property=\"og:image\" content=\"https:\/\/beneggiassociati.com\/wp-content\/uploads\/2025\/07\/single-post-beneggi.jpg\" \/>\n\t<meta property=\"og:image:width\" content=\"1280\" \/>\n\t<meta property=\"og:image:height\" content=\"823\" \/>\n\t<meta property=\"og:image:type\" content=\"image\/jpeg\" \/>\n<meta name=\"author\" content=\"Tiziano Beneggi\" \/>\n<meta name=\"twitter:card\" content=\"summary_large_image\" \/>\n<meta name=\"twitter:label1\" content=\"Written by\" \/>\n\t<meta name=\"twitter:data1\" content=\"Tiziano Beneggi\" \/>\n\t<meta name=\"twitter:label2\" content=\"Est. reading time\" \/>\n\t<meta name=\"twitter:data2\" content=\"5 minutes\" \/>\n<script type=\"application\/ld+json\" class=\"yoast-schema-graph\">{\"@context\":\"https:\\\/\\\/schema.org\",\"@graph\":[{\"@type\":\"Article\",\"@id\":\"https:\\\/\\\/beneggiassociati.com\\\/en\\\/diritti-autore-regime-forfettario\\\/#article\",\"isPartOf\":{\"@id\":\"https:\\\/\\\/beneggiassociati.com\\\/en\\\/diritti-autore-regime-forfettario\\\/\"},\"author\":{\"name\":\"Tiziano Beneggi\",\"@id\":\"https:\\\/\\\/beneggiassociati.com\\\/en\\\/#\\\/schema\\\/person\\\/828daacfa37b359e89e981f920072004\"},\"headline\":\"Forfettari e diritti d\u2019autore: quando rientrano nel regime agevolato e quando vanno nel quadro RL\",\"datePublished\":\"2026-05-03T07:38:44+00:00\",\"mainEntityOfPage\":{\"@id\":\"https:\\\/\\\/beneggiassociati.com\\\/en\\\/diritti-autore-regime-forfettario\\\/\"},\"wordCount\":988,\"publisher\":{\"@id\":\"https:\\\/\\\/beneggiassociati.com\\\/en\\\/#organization\"},\"image\":{\"@id\":\"https:\\\/\\\/beneggiassociati.com\\\/en\\\/diritti-autore-regime-forfettario\\\/#primaryimage\"},\"thumbnailUrl\":\"https:\\\/\\\/beneggiassociati.com\\\/wp-content\\\/uploads\\\/2025\\\/07\\\/single-post-beneggi.jpg\",\"keywords\":[\"Agenzia delle Entrate\",\"diritti d\u2019autore\",\"fiscalit\u00e0 professionisti\",\"INPS\",\"quadro LM\",\"quadro RL\",\"redditi diversi\",\"regime forfettario\"],\"articleSection\":[\"Fisco e contabilit\u00e0\"],\"inLanguage\":\"en-US\"},{\"@type\":\"WebPage\",\"@id\":\"https:\\\/\\\/beneggiassociati.com\\\/en\\\/diritti-autore-regime-forfettario\\\/\",\"url\":\"https:\\\/\\\/beneggiassociati.com\\\/en\\\/diritti-autore-regime-forfettario\\\/\",\"name\":\"Forfettari e diritti d\u2019autore: quando rientrano nel regime agevolato e quando vanno nel quadro RL - Beneggi &amp; Associati\",\"isPartOf\":{\"@id\":\"https:\\\/\\\/beneggiassociati.com\\\/en\\\/#website\"},\"primaryImageOfPage\":{\"@id\":\"https:\\\/\\\/beneggiassociati.com\\\/en\\\/diritti-autore-regime-forfettario\\\/#primaryimage\"},\"image\":{\"@id\":\"https:\\\/\\\/beneggiassociati.com\\\/en\\\/diritti-autore-regime-forfettario\\\/#primaryimage\"},\"thumbnailUrl\":\"https:\\\/\\\/beneggiassociati.com\\\/wp-content\\\/uploads\\\/2025\\\/07\\\/single-post-beneggi.jpg\",\"datePublished\":\"2026-05-03T07:38:44+00:00\",\"description\":\"Forfettari e diritti d\u2019autore: quando sono inclusi nel regime agevolato e quando vanno dichiarati nel quadro RL.\",\"breadcrumb\":{\"@id\":\"https:\\\/\\\/beneggiassociati.com\\\/en\\\/diritti-autore-regime-forfettario\\\/#breadcrumb\"},\"inLanguage\":\"en-US\",\"potentialAction\":[{\"@type\":\"ReadAction\",\"target\":[\"https:\\\/\\\/beneggiassociati.com\\\/en\\\/diritti-autore-regime-forfettario\\\/\"]}]},{\"@type\":\"ImageObject\",\"inLanguage\":\"en-US\",\"@id\":\"https:\\\/\\\/beneggiassociati.com\\\/en\\\/diritti-autore-regime-forfettario\\\/#primaryimage\",\"url\":\"https:\\\/\\\/beneggiassociati.com\\\/wp-content\\\/uploads\\\/2025\\\/07\\\/single-post-beneggi.jpg\",\"contentUrl\":\"https:\\\/\\\/beneggiassociati.com\\\/wp-content\\\/uploads\\\/2025\\\/07\\\/single-post-beneggi.jpg\",\"width\":1280,\"height\":823},{\"@type\":\"BreadcrumbList\",\"@id\":\"https:\\\/\\\/beneggiassociati.com\\\/en\\\/diritti-autore-regime-forfettario\\\/#breadcrumb\",\"itemListElement\":[{\"@type\":\"ListItem\",\"position\":1,\"name\":\"Home\",\"item\":\"https:\\\/\\\/beneggiassociati.com\\\/en\\\/?page_id=24163\"},{\"@type\":\"ListItem\",\"position\":2,\"name\":\"Forfettari e diritti d\u2019autore: quando rientrano nel regime agevolato e quando vanno nel quadro RL\"}]},{\"@type\":\"WebSite\",\"@id\":\"https:\\\/\\\/beneggiassociati.com\\\/en\\\/#website\",\"url\":\"https:\\\/\\\/beneggiassociati.com\\\/en\\\/\",\"name\":\"Beneggi e associati\",\"description\":\"\",\"publisher\":{\"@id\":\"https:\\\/\\\/beneggiassociati.com\\\/en\\\/#organization\"},\"potentialAction\":[{\"@type\":\"SearchAction\",\"target\":{\"@type\":\"EntryPoint\",\"urlTemplate\":\"https:\\\/\\\/beneggiassociati.com\\\/en\\\/?s={search_term_string}\"},\"query-input\":{\"@type\":\"PropertyValueSpecification\",\"valueRequired\":true,\"valueName\":\"search_term_string\"}}],\"inLanguage\":\"en-US\"},{\"@type\":\"Organization\",\"@id\":\"https:\\\/\\\/beneggiassociati.com\\\/en\\\/#organization\",\"name\":\"Beneggi e associati\",\"url\":\"https:\\\/\\\/beneggiassociati.com\\\/en\\\/\",\"logo\":{\"@type\":\"ImageObject\",\"inLanguage\":\"en-US\",\"@id\":\"https:\\\/\\\/beneggiassociati.com\\\/en\\\/#\\\/schema\\\/logo\\\/image\\\/\",\"url\":\"https:\\\/\\\/beneggiassociati.com\\\/wp-content\\\/uploads\\\/2025\\\/07\\\/beneggi-logo.png\",\"contentUrl\":\"https:\\\/\\\/beneggiassociati.com\\\/wp-content\\\/uploads\\\/2025\\\/07\\\/beneggi-logo.png\",\"width\":141,\"height\":87,\"caption\":\"Beneggi e associati\"},\"image\":{\"@id\":\"https:\\\/\\\/beneggiassociati.com\\\/en\\\/#\\\/schema\\\/logo\\\/image\\\/\"}},{\"@type\":\"Person\",\"@id\":\"https:\\\/\\\/beneggiassociati.com\\\/en\\\/#\\\/schema\\\/person\\\/828daacfa37b359e89e981f920072004\",\"name\":\"Tiziano Beneggi\",\"url\":\"https:\\\/\\\/beneggiassociati.com\\\/en\\\/author\\\/tizianobeneggiassociati-com\\\/\"}]}<\/script>\n<!-- \/ Yoast SEO plugin. -->","yoast_head_json":{"title":"Forfettari e diritti d\u2019autore: quando rientrano nel regime agevolato e quando vanno nel quadro RL - Beneggi &amp; Associati","description":"Forfettari e diritti d\u2019autore: quando sono inclusi nel regime agevolato e quando vanno dichiarati nel quadro RL.","robots":{"index":"index","follow":"follow","max-snippet":"max-snippet:-1","max-image-preview":"max-image-preview:large","max-video-preview":"max-video-preview:-1"},"canonical":"https:\/\/beneggiassociati.com\/en\/diritti-autore-regime-forfettario\/","og_locale":"en_US","og_type":"article","og_title":"Forfettari e diritti d\u2019autore: quando rientrano nel regime agevolato e quando vanno nel quadro RL - Beneggi &amp; Associati","og_description":"Forfettari e diritti d\u2019autore: quando sono inclusi nel regime agevolato e quando vanno dichiarati nel quadro RL.","og_url":"https:\/\/beneggiassociati.com\/en\/diritti-autore-regime-forfettario\/","og_site_name":"Beneggi &amp; Associati","article_published_time":"2026-05-03T07:38:44+00:00","og_image":[{"width":1280,"height":823,"url":"https:\/\/beneggiassociati.com\/wp-content\/uploads\/2025\/07\/single-post-beneggi.jpg","type":"image\/jpeg"}],"author":"Tiziano Beneggi","twitter_card":"summary_large_image","twitter_misc":{"Written by":"Tiziano Beneggi","Est. reading time":"5 minutes"},"schema":{"@context":"https:\/\/schema.org","@graph":[{"@type":"Article","@id":"https:\/\/beneggiassociati.com\/en\/diritti-autore-regime-forfettario\/#article","isPartOf":{"@id":"https:\/\/beneggiassociati.com\/en\/diritti-autore-regime-forfettario\/"},"author":{"name":"Tiziano Beneggi","@id":"https:\/\/beneggiassociati.com\/en\/#\/schema\/person\/828daacfa37b359e89e981f920072004"},"headline":"Forfettari e diritti d\u2019autore: quando rientrano nel regime agevolato e quando vanno nel quadro RL","datePublished":"2026-05-03T07:38:44+00:00","mainEntityOfPage":{"@id":"https:\/\/beneggiassociati.com\/en\/diritti-autore-regime-forfettario\/"},"wordCount":988,"publisher":{"@id":"https:\/\/beneggiassociati.com\/en\/#organization"},"image":{"@id":"https:\/\/beneggiassociati.com\/en\/diritti-autore-regime-forfettario\/#primaryimage"},"thumbnailUrl":"https:\/\/beneggiassociati.com\/wp-content\/uploads\/2025\/07\/single-post-beneggi.jpg","keywords":["Agenzia delle Entrate","diritti d\u2019autore","fiscalit\u00e0 professionisti","INPS","quadro LM","quadro RL","redditi diversi","regime forfettario"],"articleSection":["Fisco e contabilit\u00e0"],"inLanguage":"en-US"},{"@type":"WebPage","@id":"https:\/\/beneggiassociati.com\/en\/diritti-autore-regime-forfettario\/","url":"https:\/\/beneggiassociati.com\/en\/diritti-autore-regime-forfettario\/","name":"Forfettari e diritti d\u2019autore: quando rientrano nel regime agevolato e quando vanno nel quadro RL - Beneggi &amp; Associati","isPartOf":{"@id":"https:\/\/beneggiassociati.com\/en\/#website"},"primaryImageOfPage":{"@id":"https:\/\/beneggiassociati.com\/en\/diritti-autore-regime-forfettario\/#primaryimage"},"image":{"@id":"https:\/\/beneggiassociati.com\/en\/diritti-autore-regime-forfettario\/#primaryimage"},"thumbnailUrl":"https:\/\/beneggiassociati.com\/wp-content\/uploads\/2025\/07\/single-post-beneggi.jpg","datePublished":"2026-05-03T07:38:44+00:00","description":"Forfettari e diritti d\u2019autore: quando sono inclusi nel regime agevolato e quando vanno dichiarati nel quadro RL.","breadcrumb":{"@id":"https:\/\/beneggiassociati.com\/en\/diritti-autore-regime-forfettario\/#breadcrumb"},"inLanguage":"en-US","potentialAction":[{"@type":"ReadAction","target":["https:\/\/beneggiassociati.com\/en\/diritti-autore-regime-forfettario\/"]}]},{"@type":"ImageObject","inLanguage":"en-US","@id":"https:\/\/beneggiassociati.com\/en\/diritti-autore-regime-forfettario\/#primaryimage","url":"https:\/\/beneggiassociati.com\/wp-content\/uploads\/2025\/07\/single-post-beneggi.jpg","contentUrl":"https:\/\/beneggiassociati.com\/wp-content\/uploads\/2025\/07\/single-post-beneggi.jpg","width":1280,"height":823},{"@type":"BreadcrumbList","@id":"https:\/\/beneggiassociati.com\/en\/diritti-autore-regime-forfettario\/#breadcrumb","itemListElement":[{"@type":"ListItem","position":1,"name":"Home","item":"https:\/\/beneggiassociati.com\/en\/?page_id=24163"},{"@type":"ListItem","position":2,"name":"Forfettari e diritti d\u2019autore: quando rientrano nel regime agevolato e quando vanno nel quadro RL"}]},{"@type":"WebSite","@id":"https:\/\/beneggiassociati.com\/en\/#website","url":"https:\/\/beneggiassociati.com\/en\/","name":"Beneggi e associati","description":"","publisher":{"@id":"https:\/\/beneggiassociati.com\/en\/#organization"},"potentialAction":[{"@type":"SearchAction","target":{"@type":"EntryPoint","urlTemplate":"https:\/\/beneggiassociati.com\/en\/?s={search_term_string}"},"query-input":{"@type":"PropertyValueSpecification","valueRequired":true,"valueName":"search_term_string"}}],"inLanguage":"en-US"},{"@type":"Organization","@id":"https:\/\/beneggiassociati.com\/en\/#organization","name":"Beneggi e associati","url":"https:\/\/beneggiassociati.com\/en\/","logo":{"@type":"ImageObject","inLanguage":"en-US","@id":"https:\/\/beneggiassociati.com\/en\/#\/schema\/logo\/image\/","url":"https:\/\/beneggiassociati.com\/wp-content\/uploads\/2025\/07\/beneggi-logo.png","contentUrl":"https:\/\/beneggiassociati.com\/wp-content\/uploads\/2025\/07\/beneggi-logo.png","width":141,"height":87,"caption":"Beneggi e associati"},"image":{"@id":"https:\/\/beneggiassociati.com\/en\/#\/schema\/logo\/image\/"}},{"@type":"Person","@id":"https:\/\/beneggiassociati.com\/en\/#\/schema\/person\/828daacfa37b359e89e981f920072004","name":"Tiziano Beneggi","url":"https:\/\/beneggiassociati.com\/en\/author\/tizianobeneggiassociati-com\/"}]}},"_links":{"self":[{"href":"https:\/\/beneggiassociati.com\/en\/wp-json\/wp\/v2\/posts\/24531","targetHints":{"allow":["GET"]}}],"collection":[{"href":"https:\/\/beneggiassociati.com\/en\/wp-json\/wp\/v2\/posts"}],"about":[{"href":"https:\/\/beneggiassociati.com\/en\/wp-json\/wp\/v2\/types\/post"}],"author":[{"embeddable":true,"href":"https:\/\/beneggiassociati.com\/en\/wp-json\/wp\/v2\/users\/4"}],"replies":[{"embeddable":true,"href":"https:\/\/beneggiassociati.com\/en\/wp-json\/wp\/v2\/comments?post=24531"}],"version-history":[{"count":1,"href":"https:\/\/beneggiassociati.com\/en\/wp-json\/wp\/v2\/posts\/24531\/revisions"}],"predecessor-version":[{"id":24532,"href":"https:\/\/beneggiassociati.com\/en\/wp-json\/wp\/v2\/posts\/24531\/revisions\/24532"}],"wp:featuredmedia":[{"embeddable":true,"href":"https:\/\/beneggiassociati.com\/en\/wp-json\/wp\/v2\/media\/409"}],"wp:attachment":[{"href":"https:\/\/beneggiassociati.com\/en\/wp-json\/wp\/v2\/media?parent=24531"}],"wp:term":[{"taxonomy":"category","embeddable":true,"href":"https:\/\/beneggiassociati.com\/en\/wp-json\/wp\/v2\/categories?post=24531"},{"taxonomy":"post_tag","embeddable":true,"href":"https:\/\/beneggiassociati.com\/en\/wp-json\/wp\/v2\/tags?post=24531"}],"curies":[{"name":"wp","href":"https:\/\/api.w.org\/{rel}","templated":true}]}}