{"id":24563,"date":"2026-05-02T15:14:48","date_gmt":"2026-05-02T15:14:48","guid":{"rendered":"https:\/\/beneggiassociati.com\/?p=24563"},"modified":"2026-04-30T15:16:16","modified_gmt":"2026-04-30T15:16:16","slug":"incentivo-stabilizzazione-contratti-a-termine-2","status":"publish","type":"post","link":"https:\/\/beneggiassociati.com\/en\/incentivo-stabilizzazione-contratti-a-termine-2\/","title":{"rendered":"Dl Lavoro: incentivo per chi stabilizza impieghi a termine"},"content":{"rendered":"<div>\n<p>Con il decreto\u2011legge approvato dal Consiglio dei Ministri il 28 aprile 2026, noto come Dl Lavoro o Decreto Primo Maggio, il Governo rafforza in modo strutturale le politiche di incentivo all\u2019occupazione stabile. Il provvedimento, articolato in 19 articoli e sostenuto da risorse prossime al miliardo di euro, si muove lungo una direttrice chiara: favorire la trasformazione dei rapporti a termine in contratti a tempo indeterminato, sostenere l\u2019occupazione giovanile e femminile e contrastare le forme pi\u00f9 recenti di sfruttamento del lavoro, in particolare nell\u2019economia digitale.<\/p>\n<p>Il nuovo impianto normativo lega in modo esplicito l\u2019accesso agli incentivi contributivi al rispetto della contrattazione collettiva di qualit\u00e0 e dei trattamenti economici complessivi previsti dai contratti collettivi nazionali comparativamente pi\u00f9 rappresentativi, rafforzando il principio del salario giusto.<\/p>\n<p><strong>Il nuovo incentivo per la stabilizzazione dei contratti a termine<\/strong><\/p>\n<p>La misura di maggiore impatto riguarda la stabilizzazione dei contratti a tempo determinato di breve durata. Il decreto introduce un incentivo specifico per le trasformazioni di rapporti a termine in contratti a tempo indeterminato, quando la durata complessiva del rapporto, alla data della trasformazione, non supera i dodici mesi.<\/p>\n<p>In questi casi, il datore di lavoro pu\u00f2 beneficiare di un esonero contributivo del 100% dei contributi previdenziali a proprio carico per un periodo di ventiquattro mesi, nel limite massimo di 500 euro mensili per ciascun lavoratore. L\u2019incentivo si applica esclusivamente al personale non dirigenziale e richiede la continuit\u00e0 del rapporto di lavoro, senza interruzioni tra il contratto a termine e quello stabile.<\/p>\n<p><strong>Requisiti soggettivi e temporali della misura<\/strong><\/p>\n<p>Il beneficio \u00e8 riservato ai lavoratori che, alla data della trasformazione, non abbiano compiuto trentacinque anni e non siano mai stati occupati a tempo indeterminato. La misura si inserisce dunque nel solco delle politiche volte a favorire il primo accesso stabile dei giovani al mercato del lavoro.<\/p>\n<p>Dal punto di vista temporale, l\u2019esonero riguarda le trasformazioni effettuate nel periodo compreso tra il 1\u00b0 agosto e il 31 dicembre 2026, a condizione che i contratti a tempo determinato siano stati instaurati entro il 30 aprile 2026. La scansione delle date mira a incentivare la stabilizzazione di rapporti gi\u00e0 in essere, evitando un utilizzo opportunistico della misura attraverso nuove assunzioni a termine finalizzate esclusivamente al beneficio contributivo.<\/p>\n<p><strong>Il coordinamento con gli altri bonus occupazionali<\/strong><\/p>\n<p>Il nuovo incentivo per la stabilizzazione dei contratti a termine si affianca alla proroga, fino al 31 dicembre 2026, degli altri esoneri contributivi gi\u00e0 previsti per le assunzioni a tempo indeterminato. Resta operativo il bonus giovani under 35, che riconosce uno sgravio contributivo totale per ventiquattro mesi, fino a 500 euro mensili, elevati a 650 euro nelle regioni della Zes Unica e nelle aree di crisi.<\/p>\n<p>Analoga proroga riguarda il bonus donne, applicabile alle assunzioni stabili di lavoratrici disoccupate o inattive, senza limiti di et\u00e0. In questo caso l\u2019esonero \u00e8 pari al 100% dei contributi fino a 650 euro mensili per ventiquattro mesi, importo che sale a 800 euro per le assunzioni effettuate nella Zes Unica. In alcune ipotesi di lavoratrici rientranti nella categoria dei soggetti svantaggiati, la durata dell\u2019incentivo \u00e8 ridotta a dodici mesi.<\/p>\n<p><strong>Il requisito dell\u2019incremento occupazionale netto<\/strong><\/p>\n<p>Come per le altre misure di decontribuzione, anche l\u2019incentivo per la stabilizzazione dei contratti a termine \u00e8 subordinato al requisito dell\u2019incremento occupazionale netto. L\u2019assunzione o la trasformazione deve determinare un aumento effettivo dell\u2019organico rispetto alla media dei lavoratori occupati nei dodici mesi precedenti.<\/p>\n<p>Inoltre, il datore di lavoro non deve aver effettuato licenziamenti individuali per giustificato motivo oggettivo o licenziamenti collettivi nei sei mesi precedenti nella medesima unit\u00e0 produttiva. Questo vincolo rafforza la finalit\u00e0 occupazionale dell\u2019incentivo e ne limita l\u2019utilizzo in contesti di ristrutturazione aziendale.<\/p>\n<p><strong>Salario giusto e condizionalit\u00e0 degli incentivi<\/strong><\/p>\n<p>Un elemento qualificante del Dl Lavoro \u00e8 la condizionalit\u00e0 legata al salario giusto. L\u2019accesso a tutti gli incentivi contributivi \u00e8 subordinato all\u2019applicazione dei contratti collettivi nazionali stipulati dalle organizzazioni sindacali e datoriali comparativamente pi\u00f9 rappresentative.<\/p>\n<p>La norma intende contrastare il dumping contrattuale e garantire una concorrenza leale tra imprese, valorizzando il ruolo della contrattazione collettiva come strumento di regolazione dei livelli retributivi. In assenza del rispetto dei trattamenti economici complessivi previsti dai CCNL \u201cleader\u201d, l\u2019impresa perde il diritto agli incentivi.<\/p>\n<p><strong>Le nuove tutele per i lavoratori delle piattaforme digitali<\/strong><\/p>\n<p>Il decreto interviene anche sul lavoro tramite piattaforme digitali, introducendo una disciplina pi\u00f9 stringente per contrastare il cosiddetto caporalato digitale. In presenza di indici di controllo o di etero\u2011direzione, anche esercitati mediante algoritmi, il rapporto di lavoro si presume subordinato, salvo prova contraria.<\/p>\n<p>Sono inoltre introdotti obblighi di verifica dell\u2019identit\u00e0 digitale del lavoratore, al fine di impedire la cessione o il noleggio degli account, e il diritto alla trasparenza algoritmica, che consente al lavoratore di conoscere i criteri di funzionamento degli algoritmi che incidono sull\u2019assegnazione delle prestazioni e sui compensi.<\/p>\n<p><strong>Conciliazione vita\u2011lavoro e sgravio contributivo<\/strong><\/p>\n<p>Accanto agli incentivi occupazionali, il Dl Lavoro reintroduce uno sgravio contributivo dell\u20191% per le imprese che adottano strumenti certificati di conciliazione tra vita privata e lavoro. L\u2019agevolazione, nel limite massimo di 50.000 euro annui per ciascuna impresa, \u00e8 collegata all\u2019adozione della certificazione UNI\/PdR 192:2026, che valorizza politiche aziendali in materia di maternit\u00e0, paternit\u00e0, carichi di cura, flessibilit\u00e0 organizzativa e welfare.<\/p>\n<p><strong>Le misure previdenziali: proroga dell\u2019isopensione<\/strong><\/p>\n<p>Sul fronte previdenziale, il decreto proroga fino al 2029 la possibilit\u00e0 di accesso all\u2019isopensione, consentendo ai lavoratori di uscire dal mercato del lavoro fino a sette anni prima del raggiungimento dei requisiti pensionistici. L\u2019onere resta a carico delle imprese con almeno quindici dipendenti che presentino eccedenze di personale, confermando la natura di strumento di gestione degli esuberi.<\/p>\n<p><strong>Implicazioni operative per imprese e HR<\/strong><\/p>\n<p>Il nuovo incentivo per la stabilizzazione dei contratti a termine rappresenta un\u2019opportunit\u00e0 rilevante per le imprese che intendono investire sulla continuit\u00e0 occupazionale. Tuttavia, la complessit\u00e0 delle condizioni di accesso richiede un\u2019attenta verifica dei requisiti soggettivi dei lavoratori, dei limiti temporali e del rispetto della contrattazione collettiva applicata.<\/p>\n<p>La corretta pianificazione delle trasformazioni contrattuali e il coordinamento con gli altri incentivi disponibili diventano elementi essenziali per massimizzare il beneficio contributivo ed evitare contestazioni in sede di controllo.<\/p>\n<p><strong>Call to action<\/strong><\/p>\n<p>Per i datori di lavoro che hanno contratti a termine in scadenza nel 2026, \u00e8 fondamentale analizzare in anticipo i rapporti in essere, i requisiti anagrafici e occupazionali dei lavoratori e il CCNL applicato. Una verifica preventiva consente di cogliere appieno l\u2019incentivo previsto dal Dl Lavoro e di programmare le stabilizzazioni in modo conforme alla normativa.<\/p>\n<\/div>\n","protected":false},"excerpt":{"rendered":"<p>Incentivo stabilizzazione contratti a termine nel Dl Lavoro: esonero contributivo al 100% per trasformazioni a tempo indeterminato.<\/p>\n","protected":false},"author":4,"featured_media":409,"comment_status":"closed","ping_status":"closed","sticky":false,"template":"","format":"standard","meta":{"_acf_changed":false,"content-type":"","footnotes":""},"categories":[1],"tags":[394,3821,920,95,3822,3809,3806,1708],"class_list":["post-24563","post","type-post","status-publish","format-standard","has-post-thumbnail","hentry","category-lavoro","tag-contratti-a-termine","tag-dl-lavoro","tag-esonero-contributivo","tag-incentivi-lavoro","tag-incentivo-stabilizzazione","tag-occupazione-stabile","tag-salario-giusto","tag-under-35"],"acf":[],"yoast_head":"<!-- This site is optimized with the Yoast SEO plugin v27.5 - https:\/\/yoast.com\/product\/yoast-seo-wordpress\/ -->\n<title>Dl Lavoro: incentivo per chi stabilizza impieghi a termine - Beneggi &amp; Associati<\/title>\n<meta name=\"description\" content=\"Incentivo stabilizzazione contratti a termine nel Dl Lavoro: esonero contributivo al 100% per trasformazioni a tempo indeterminato.\" \/>\n<meta name=\"robots\" content=\"index, follow, max-snippet:-1, max-image-preview:large, max-video-preview:-1\" \/>\n<link rel=\"canonical\" href=\"https:\/\/beneggiassociati.com\/en\/incentivo-stabilizzazione-contratti-a-termine-2\/\" \/>\n<meta property=\"og:locale\" content=\"en_US\" \/>\n<meta property=\"og:type\" content=\"article\" \/>\n<meta property=\"og:title\" content=\"Dl Lavoro: incentivo per chi stabilizza impieghi a termine - Beneggi &amp; Associati\" \/>\n<meta property=\"og:description\" content=\"Incentivo stabilizzazione contratti a termine nel Dl Lavoro: esonero contributivo al 100% per trasformazioni a tempo indeterminato.\" \/>\n<meta property=\"og:url\" content=\"https:\/\/beneggiassociati.com\/en\/incentivo-stabilizzazione-contratti-a-termine-2\/\" \/>\n<meta property=\"og:site_name\" content=\"Beneggi &amp; Associati\" \/>\n<meta property=\"article:published_time\" content=\"2026-05-02T15:14:48+00:00\" \/>\n<meta property=\"og:image\" content=\"https:\/\/beneggiassociati.com\/wp-content\/uploads\/2025\/07\/single-post-beneggi.jpg\" \/>\n\t<meta property=\"og:image:width\" content=\"1280\" \/>\n\t<meta property=\"og:image:height\" content=\"823\" \/>\n\t<meta property=\"og:image:type\" content=\"image\/jpeg\" \/>\n<meta name=\"author\" content=\"Tiziano Beneggi\" \/>\n<meta name=\"twitter:card\" content=\"summary_large_image\" \/>\n<meta name=\"twitter:label1\" content=\"Written by\" \/>\n\t<meta name=\"twitter:data1\" content=\"Tiziano Beneggi\" \/>\n\t<meta name=\"twitter:label2\" content=\"Est. reading time\" \/>\n\t<meta name=\"twitter:data2\" content=\"6 minutes\" \/>\n<script type=\"application\/ld+json\" class=\"yoast-schema-graph\">{\"@context\":\"https:\\\/\\\/schema.org\",\"@graph\":[{\"@type\":\"Article\",\"@id\":\"https:\\\/\\\/beneggiassociati.com\\\/en\\\/incentivo-stabilizzazione-contratti-a-termine-2\\\/#article\",\"isPartOf\":{\"@id\":\"https:\\\/\\\/beneggiassociati.com\\\/en\\\/incentivo-stabilizzazione-contratti-a-termine-2\\\/\"},\"author\":{\"name\":\"Tiziano Beneggi\",\"@id\":\"https:\\\/\\\/beneggiassociati.com\\\/en\\\/#\\\/schema\\\/person\\\/828daacfa37b359e89e981f920072004\"},\"headline\":\"Dl Lavoro: incentivo per chi stabilizza impieghi a termine\",\"datePublished\":\"2026-05-02T15:14:48+00:00\",\"mainEntityOfPage\":{\"@id\":\"https:\\\/\\\/beneggiassociati.com\\\/en\\\/incentivo-stabilizzazione-contratti-a-termine-2\\\/\"},\"wordCount\":1061,\"publisher\":{\"@id\":\"https:\\\/\\\/beneggiassociati.com\\\/en\\\/#organization\"},\"image\":{\"@id\":\"https:\\\/\\\/beneggiassociati.com\\\/en\\\/incentivo-stabilizzazione-contratti-a-termine-2\\\/#primaryimage\"},\"thumbnailUrl\":\"https:\\\/\\\/beneggiassociati.com\\\/wp-content\\\/uploads\\\/2025\\\/07\\\/single-post-beneggi.jpg\",\"keywords\":[\"contratti a termine\",\"Dl Lavoro\",\"esonero contributivo\",\"Incentivi lavoro\",\"incentivo stabilizzazione\",\"occupazione stabile\",\"salario giusto\",\"under 35\"],\"articleSection\":[\"Lavoro\"],\"inLanguage\":\"en-US\"},{\"@type\":\"WebPage\",\"@id\":\"https:\\\/\\\/beneggiassociati.com\\\/en\\\/incentivo-stabilizzazione-contratti-a-termine-2\\\/\",\"url\":\"https:\\\/\\\/beneggiassociati.com\\\/en\\\/incentivo-stabilizzazione-contratti-a-termine-2\\\/\",\"name\":\"Dl Lavoro: incentivo per chi stabilizza impieghi a termine - Beneggi &amp; Associati\",\"isPartOf\":{\"@id\":\"https:\\\/\\\/beneggiassociati.com\\\/en\\\/#website\"},\"primaryImageOfPage\":{\"@id\":\"https:\\\/\\\/beneggiassociati.com\\\/en\\\/incentivo-stabilizzazione-contratti-a-termine-2\\\/#primaryimage\"},\"image\":{\"@id\":\"https:\\\/\\\/beneggiassociati.com\\\/en\\\/incentivo-stabilizzazione-contratti-a-termine-2\\\/#primaryimage\"},\"thumbnailUrl\":\"https:\\\/\\\/beneggiassociati.com\\\/wp-content\\\/uploads\\\/2025\\\/07\\\/single-post-beneggi.jpg\",\"datePublished\":\"2026-05-02T15:14:48+00:00\",\"description\":\"Incentivo stabilizzazione contratti a termine nel Dl Lavoro: esonero contributivo al 100% per trasformazioni a tempo indeterminato.\",\"breadcrumb\":{\"@id\":\"https:\\\/\\\/beneggiassociati.com\\\/en\\\/incentivo-stabilizzazione-contratti-a-termine-2\\\/#breadcrumb\"},\"inLanguage\":\"en-US\",\"potentialAction\":[{\"@type\":\"ReadAction\",\"target\":[\"https:\\\/\\\/beneggiassociati.com\\\/en\\\/incentivo-stabilizzazione-contratti-a-termine-2\\\/\"]}]},{\"@type\":\"ImageObject\",\"inLanguage\":\"en-US\",\"@id\":\"https:\\\/\\\/beneggiassociati.com\\\/en\\\/incentivo-stabilizzazione-contratti-a-termine-2\\\/#primaryimage\",\"url\":\"https:\\\/\\\/beneggiassociati.com\\\/wp-content\\\/uploads\\\/2025\\\/07\\\/single-post-beneggi.jpg\",\"contentUrl\":\"https:\\\/\\\/beneggiassociati.com\\\/wp-content\\\/uploads\\\/2025\\\/07\\\/single-post-beneggi.jpg\",\"width\":1280,\"height\":823},{\"@type\":\"BreadcrumbList\",\"@id\":\"https:\\\/\\\/beneggiassociati.com\\\/en\\\/incentivo-stabilizzazione-contratti-a-termine-2\\\/#breadcrumb\",\"itemListElement\":[{\"@type\":\"ListItem\",\"position\":1,\"name\":\"Home\",\"item\":\"https:\\\/\\\/beneggiassociati.com\\\/en\\\/?page_id=24163\"},{\"@type\":\"ListItem\",\"position\":2,\"name\":\"Dl Lavoro: incentivo per chi stabilizza impieghi a termine\"}]},{\"@type\":\"WebSite\",\"@id\":\"https:\\\/\\\/beneggiassociati.com\\\/en\\\/#website\",\"url\":\"https:\\\/\\\/beneggiassociati.com\\\/en\\\/\",\"name\":\"Beneggi e associati\",\"description\":\"\",\"publisher\":{\"@id\":\"https:\\\/\\\/beneggiassociati.com\\\/en\\\/#organization\"},\"potentialAction\":[{\"@type\":\"SearchAction\",\"target\":{\"@type\":\"EntryPoint\",\"urlTemplate\":\"https:\\\/\\\/beneggiassociati.com\\\/en\\\/?s={search_term_string}\"},\"query-input\":{\"@type\":\"PropertyValueSpecification\",\"valueRequired\":true,\"valueName\":\"search_term_string\"}}],\"inLanguage\":\"en-US\"},{\"@type\":\"Organization\",\"@id\":\"https:\\\/\\\/beneggiassociati.com\\\/en\\\/#organization\",\"name\":\"Beneggi e associati\",\"url\":\"https:\\\/\\\/beneggiassociati.com\\\/en\\\/\",\"logo\":{\"@type\":\"ImageObject\",\"inLanguage\":\"en-US\",\"@id\":\"https:\\\/\\\/beneggiassociati.com\\\/en\\\/#\\\/schema\\\/logo\\\/image\\\/\",\"url\":\"https:\\\/\\\/beneggiassociati.com\\\/wp-content\\\/uploads\\\/2025\\\/07\\\/beneggi-logo.png\",\"contentUrl\":\"https:\\\/\\\/beneggiassociati.com\\\/wp-content\\\/uploads\\\/2025\\\/07\\\/beneggi-logo.png\",\"width\":141,\"height\":87,\"caption\":\"Beneggi e associati\"},\"image\":{\"@id\":\"https:\\\/\\\/beneggiassociati.com\\\/en\\\/#\\\/schema\\\/logo\\\/image\\\/\"}},{\"@type\":\"Person\",\"@id\":\"https:\\\/\\\/beneggiassociati.com\\\/en\\\/#\\\/schema\\\/person\\\/828daacfa37b359e89e981f920072004\",\"name\":\"Tiziano Beneggi\",\"url\":\"https:\\\/\\\/beneggiassociati.com\\\/en\\\/author\\\/tizianobeneggiassociati-com\\\/\"}]}<\/script>\n<!-- \/ Yoast SEO plugin. -->","yoast_head_json":{"title":"Dl Lavoro: incentivo per chi stabilizza impieghi a termine - Beneggi &amp; Associati","description":"Incentivo stabilizzazione contratti a termine nel Dl Lavoro: esonero contributivo al 100% per trasformazioni a tempo indeterminato.","robots":{"index":"index","follow":"follow","max-snippet":"max-snippet:-1","max-image-preview":"max-image-preview:large","max-video-preview":"max-video-preview:-1"},"canonical":"https:\/\/beneggiassociati.com\/en\/incentivo-stabilizzazione-contratti-a-termine-2\/","og_locale":"en_US","og_type":"article","og_title":"Dl Lavoro: incentivo per chi stabilizza impieghi a termine - Beneggi &amp; Associati","og_description":"Incentivo stabilizzazione contratti a termine nel Dl Lavoro: esonero contributivo al 100% per trasformazioni a tempo indeterminato.","og_url":"https:\/\/beneggiassociati.com\/en\/incentivo-stabilizzazione-contratti-a-termine-2\/","og_site_name":"Beneggi &amp; Associati","article_published_time":"2026-05-02T15:14:48+00:00","og_image":[{"width":1280,"height":823,"url":"https:\/\/beneggiassociati.com\/wp-content\/uploads\/2025\/07\/single-post-beneggi.jpg","type":"image\/jpeg"}],"author":"Tiziano Beneggi","twitter_card":"summary_large_image","twitter_misc":{"Written by":"Tiziano Beneggi","Est. reading time":"6 minutes"},"schema":{"@context":"https:\/\/schema.org","@graph":[{"@type":"Article","@id":"https:\/\/beneggiassociati.com\/en\/incentivo-stabilizzazione-contratti-a-termine-2\/#article","isPartOf":{"@id":"https:\/\/beneggiassociati.com\/en\/incentivo-stabilizzazione-contratti-a-termine-2\/"},"author":{"name":"Tiziano Beneggi","@id":"https:\/\/beneggiassociati.com\/en\/#\/schema\/person\/828daacfa37b359e89e981f920072004"},"headline":"Dl Lavoro: incentivo per chi stabilizza impieghi a termine","datePublished":"2026-05-02T15:14:48+00:00","mainEntityOfPage":{"@id":"https:\/\/beneggiassociati.com\/en\/incentivo-stabilizzazione-contratti-a-termine-2\/"},"wordCount":1061,"publisher":{"@id":"https:\/\/beneggiassociati.com\/en\/#organization"},"image":{"@id":"https:\/\/beneggiassociati.com\/en\/incentivo-stabilizzazione-contratti-a-termine-2\/#primaryimage"},"thumbnailUrl":"https:\/\/beneggiassociati.com\/wp-content\/uploads\/2025\/07\/single-post-beneggi.jpg","keywords":["contratti a termine","Dl Lavoro","esonero contributivo","Incentivi lavoro","incentivo stabilizzazione","occupazione stabile","salario giusto","under 35"],"articleSection":["Lavoro"],"inLanguage":"en-US"},{"@type":"WebPage","@id":"https:\/\/beneggiassociati.com\/en\/incentivo-stabilizzazione-contratti-a-termine-2\/","url":"https:\/\/beneggiassociati.com\/en\/incentivo-stabilizzazione-contratti-a-termine-2\/","name":"Dl Lavoro: incentivo per chi stabilizza impieghi a termine - Beneggi &amp; Associati","isPartOf":{"@id":"https:\/\/beneggiassociati.com\/en\/#website"},"primaryImageOfPage":{"@id":"https:\/\/beneggiassociati.com\/en\/incentivo-stabilizzazione-contratti-a-termine-2\/#primaryimage"},"image":{"@id":"https:\/\/beneggiassociati.com\/en\/incentivo-stabilizzazione-contratti-a-termine-2\/#primaryimage"},"thumbnailUrl":"https:\/\/beneggiassociati.com\/wp-content\/uploads\/2025\/07\/single-post-beneggi.jpg","datePublished":"2026-05-02T15:14:48+00:00","description":"Incentivo stabilizzazione contratti a termine nel Dl Lavoro: esonero contributivo al 100% per trasformazioni a tempo indeterminato.","breadcrumb":{"@id":"https:\/\/beneggiassociati.com\/en\/incentivo-stabilizzazione-contratti-a-termine-2\/#breadcrumb"},"inLanguage":"en-US","potentialAction":[{"@type":"ReadAction","target":["https:\/\/beneggiassociati.com\/en\/incentivo-stabilizzazione-contratti-a-termine-2\/"]}]},{"@type":"ImageObject","inLanguage":"en-US","@id":"https:\/\/beneggiassociati.com\/en\/incentivo-stabilizzazione-contratti-a-termine-2\/#primaryimage","url":"https:\/\/beneggiassociati.com\/wp-content\/uploads\/2025\/07\/single-post-beneggi.jpg","contentUrl":"https:\/\/beneggiassociati.com\/wp-content\/uploads\/2025\/07\/single-post-beneggi.jpg","width":1280,"height":823},{"@type":"BreadcrumbList","@id":"https:\/\/beneggiassociati.com\/en\/incentivo-stabilizzazione-contratti-a-termine-2\/#breadcrumb","itemListElement":[{"@type":"ListItem","position":1,"name":"Home","item":"https:\/\/beneggiassociati.com\/en\/?page_id=24163"},{"@type":"ListItem","position":2,"name":"Dl Lavoro: incentivo per chi stabilizza impieghi a termine"}]},{"@type":"WebSite","@id":"https:\/\/beneggiassociati.com\/en\/#website","url":"https:\/\/beneggiassociati.com\/en\/","name":"Beneggi e associati","description":"","publisher":{"@id":"https:\/\/beneggiassociati.com\/en\/#organization"},"potentialAction":[{"@type":"SearchAction","target":{"@type":"EntryPoint","urlTemplate":"https:\/\/beneggiassociati.com\/en\/?s={search_term_string}"},"query-input":{"@type":"PropertyValueSpecification","valueRequired":true,"valueName":"search_term_string"}}],"inLanguage":"en-US"},{"@type":"Organization","@id":"https:\/\/beneggiassociati.com\/en\/#organization","name":"Beneggi e associati","url":"https:\/\/beneggiassociati.com\/en\/","logo":{"@type":"ImageObject","inLanguage":"en-US","@id":"https:\/\/beneggiassociati.com\/en\/#\/schema\/logo\/image\/","url":"https:\/\/beneggiassociati.com\/wp-content\/uploads\/2025\/07\/beneggi-logo.png","contentUrl":"https:\/\/beneggiassociati.com\/wp-content\/uploads\/2025\/07\/beneggi-logo.png","width":141,"height":87,"caption":"Beneggi e associati"},"image":{"@id":"https:\/\/beneggiassociati.com\/en\/#\/schema\/logo\/image\/"}},{"@type":"Person","@id":"https:\/\/beneggiassociati.com\/en\/#\/schema\/person\/828daacfa37b359e89e981f920072004","name":"Tiziano Beneggi","url":"https:\/\/beneggiassociati.com\/en\/author\/tizianobeneggiassociati-com\/"}]}},"_links":{"self":[{"href":"https:\/\/beneggiassociati.com\/en\/wp-json\/wp\/v2\/posts\/24563","targetHints":{"allow":["GET"]}}],"collection":[{"href":"https:\/\/beneggiassociati.com\/en\/wp-json\/wp\/v2\/posts"}],"about":[{"href":"https:\/\/beneggiassociati.com\/en\/wp-json\/wp\/v2\/types\/post"}],"author":[{"embeddable":true,"href":"https:\/\/beneggiassociati.com\/en\/wp-json\/wp\/v2\/users\/4"}],"replies":[{"embeddable":true,"href":"https:\/\/beneggiassociati.com\/en\/wp-json\/wp\/v2\/comments?post=24563"}],"version-history":[{"count":1,"href":"https:\/\/beneggiassociati.com\/en\/wp-json\/wp\/v2\/posts\/24563\/revisions"}],"predecessor-version":[{"id":24564,"href":"https:\/\/beneggiassociati.com\/en\/wp-json\/wp\/v2\/posts\/24563\/revisions\/24564"}],"wp:featuredmedia":[{"embeddable":true,"href":"https:\/\/beneggiassociati.com\/en\/wp-json\/wp\/v2\/media\/409"}],"wp:attachment":[{"href":"https:\/\/beneggiassociati.com\/en\/wp-json\/wp\/v2\/media?parent=24563"}],"wp:term":[{"taxonomy":"category","embeddable":true,"href":"https:\/\/beneggiassociati.com\/en\/wp-json\/wp\/v2\/categories?post=24563"},{"taxonomy":"post_tag","embeddable":true,"href":"https:\/\/beneggiassociati.com\/en\/wp-json\/wp\/v2\/tags?post=24563"}],"curies":[{"name":"wp","href":"https:\/\/api.w.org\/{rel}","templated":true}]}}